{"id":13233,"date":"2023-01-18T08:27:36","date_gmt":"2023-01-18T07:27:36","guid":{"rendered":"https:\/\/dstoulouse.com\/zeitzeugin-an-der-dst-marie-vaislic-im-gespraech-mit-deutschen-und-franzoesischen-jugendlichen\/"},"modified":"2023-03-20T11:16:47","modified_gmt":"2023-03-20T10:16:47","slug":"marie-vaislic-nazi-era-survivor-at-the-german-school-of-toulouse","status":"publish","type":"post","link":"https:\/\/dstoulouse.com\/en\/marie-vaislic-nazi-era-survivor-at-the-german-school-of-toulouse\/","title":{"rendered":"Marie Vaislic, Nazi-Era Survivor, at The German School Of Toulouse"},"content":{"rendered":"\n<p>On January 16, students from the German School of Toulouse and the Lyc\u00e9e Victor Hugo in Colomiers met 92-year-old Marie Vaislic, a survivor of the Nazi era.<\/p>\n\n\n\n<p>Her poignant and moving testimony prompted astonishment, horror and admiration among the audience at the Eurocampus, where Marie Vaislic recounted her persecution, deportation, incarceration in several German concentration camps and &#8211; finally &#8211; her liberation from such inhuman barbarity.<\/p>\n\n\n\n<p>We are grateful to Mrs Vaislic for this powerful exchange with our students and teachers.<\/p>\n\n\n\n<p><\/p>\n\n\n\n<p><strong>An article in the D\u00e9p\u00eache du Midi about the event at the DST:<\/strong><\/p>\n\n\n\n<figure class=\"wp-block-image size-full\"><img loading=\"lazy\" decoding=\"async\" width=\"653\" height=\"853\" src=\"https:\/\/dstoulouse.com\/wp-content\/uploads\/depeche_du_midi_maire_vaislic_2023.jpg\" alt=\"Article de La D\u00e9p\u00eache du Midi - Marie Vaislic \u00e0 la Deutsche Schule Toulouse\" class=\"wp-image-12881\" srcset=\"https:\/\/dstoulouse.com\/wp-content\/uploads\/depeche_du_midi_maire_vaislic_2023.jpg 653w, https:\/\/dstoulouse.com\/wp-content\/uploads\/depeche_du_midi_maire_vaislic_2023-230x300.jpg 230w\" sizes=\"auto, (max-width: 653px) 100vw, 653px\" \/><figcaption class=\"wp-element-caption\">Article D\u00e9p\u00eache du Midi 23\/01\/2023<\/figcaption><\/figure>\n","protected":false},"excerpt":{"rendered":"<p>On January 16, students from the German School of Toulouse and the Lyc\u00e9e Victor Hugo in Colomiers met 92-year-old Marie Vaislic, a survivor of the Nazi era. Her poignant and&#8230; <\/p>\n<div class=\"clear\"><\/div>\n<p><a href=\"https:\/\/dstoulouse.com\/en\/marie-vaislic-nazi-era-survivor-at-the-german-school-of-toulouse\/\" class=\"gdlr-button with-border excerpt-read-more\">Read More<\/a><\/p>\n","protected":false},"author":2,"featured_media":12836,"comment_status":"closed","ping_status":"open","sticky":false,"template":"","format":"standard","meta":{"_EventAllDay":false,"_EventTimezone":"","_EventStartDate":"","_EventEndDate":"","_EventStartDateUTC":"","_EventEndDateUTC":"","_EventShowMap":false,"_EventShowMapLink":false,"_EventURL":"","_EventCost":"","_EventCostDescription":"","_EventCurrencySymbol":"","_EventCurrencyCode":"","_EventCurrencyPosition":"","_EventDateTimeSeparator":"","_EventTimeRangeSeparator":"","_EventOrganizerID":[],"_EventVenueID":[],"_OrganizerEmail":"","_OrganizerPhone":"","_OrganizerWebsite":"","_VenueAddress":"","_VenueCity":"","_VenueCountry":"","_VenueProvince":"","_VenueState":"","_VenueZip":"","_VenuePhone":"","_VenueURL":"","_VenueStateProvince":"","_VenueLat":"","_VenueLng":"","_VenueShowMap":false,"_VenueShowMapLink":false,"iawp_total_views":34,"footnotes":""},"categories":[56,80,77,53,60],"tags":[],"class_list":["post-13233","post","type-post","status-publish","format-standard","has-post-thumbnail","hentry","category-dst-en","category-dst-kulturelles-en","category-schuljahr-2022-23-en","category-uncategorized","category-weiterfuehrende-schule-en"],"yoast_head":"<!-- This site is optimized with the Yoast SEO plugin v27.3 - https:\/\/yoast.com\/product\/yoast-seo-wordpress\/ -->\n<title>Marie Vaislic, Nazi-Era Survivor, at The German School Of Toulouse - Deutsche Schule Toulouse: Exzellente Deutsche Auslandsschule mit Kindergarten, Grundschule und weiterf&uuml;hrender Schule<\/title>\n<meta name=\"robots\" content=\"index, follow, max-snippet:-1, max-image-preview:large, max-video-preview:-1\" \/>\n<link rel=\"canonical\" href=\"https:\/\/dstoulouse.com\/en\/marie-vaislic-nazi-era-survivor-at-the-german-school-of-toulouse\/\" \/>\n<meta property=\"og:locale\" content=\"en_US\" \/>\n<meta property=\"og:type\" content=\"article\" \/>\n<meta property=\"og:title\" content=\"Marie Vaislic, Nazi-Era Survivor, at The German School Of Toulouse - Deutsche Schule Toulouse: Exzellente Deutsche Auslandsschule mit Kindergarten, Grundschule und weiterf&uuml;hrender Schule\" \/>\n<meta property=\"og:description\" content=\"On January 16, students from the German School of Toulouse and the Lyc\u00e9e Victor Hugo in Colomiers met 92-year-old Marie Vaislic, a survivor of the Nazi era. Her poignant and... Read More\" \/>\n<meta property=\"og:url\" content=\"https:\/\/dstoulouse.com\/en\/marie-vaislic-nazi-era-survivor-at-the-german-school-of-toulouse\/\" \/>\n<meta property=\"og:site_name\" content=\"Deutsche Schule Toulouse: Exzellente Deutsche Auslandsschule mit Kindergarten, Grundschule und weiterf&uuml;hrender Schule\" \/>\n<meta property=\"article:published_time\" content=\"2023-01-18T07:27:36+00:00\" \/>\n<meta property=\"article:modified_time\" content=\"2023-03-20T10:16:47+00:00\" \/>\n<meta property=\"og:image\" content=\"https:\/\/dstoulouse.com\/wp-content\/uploads\/dst_marie_vaislic_titel.jpg\" \/>\n\t<meta property=\"og:image:width\" content=\"750\" \/>\n\t<meta property=\"og:image:height\" content=\"330\" \/>\n\t<meta property=\"og:image:type\" content=\"image\/jpeg\" \/>\n<meta name=\"author\" content=\"Nicole KN\u00dcPPEL\" \/>\n<meta name=\"twitter:card\" content=\"summary_large_image\" \/>\n<meta name=\"twitter:label1\" content=\"Written by\" \/>\n\t<meta name=\"twitter:data1\" content=\"Nicole KN\u00dcPPEL\" \/>\n\t<meta name=\"twitter:label2\" content=\"Est. reading time\" \/>\n\t<meta name=\"twitter:data2\" content=\"1 minute\" \/>\n<script type=\"application\/ld+json\" class=\"yoast-schema-graph\">{\"@context\":\"https:\\\/\\\/schema.org\",\"@graph\":[{\"@type\":\"Article\",\"@id\":\"https:\\\/\\\/dstoulouse.com\\\/en\\\/marie-vaislic-nazi-era-survivor-at-the-german-school-of-toulouse\\\/#article\",\"isPartOf\":{\"@id\":\"https:\\\/\\\/dstoulouse.com\\\/en\\\/marie-vaislic-nazi-era-survivor-at-the-german-school-of-toulouse\\\/\"},\"author\":{\"name\":\"Nicole KN\u00dcPPEL\",\"@id\":\"https:\\\/\\\/dstoulouse.com\\\/#\\\/schema\\\/person\\\/0b48fa4e25c55048d6e0bb98b1696975\"},\"headline\":\"Marie Vaislic, Nazi-Era Survivor, at The German School Of Toulouse\",\"datePublished\":\"2023-01-18T07:27:36+00:00\",\"dateModified\":\"2023-03-20T10:16:47+00:00\",\"mainEntityOfPage\":{\"@id\":\"https:\\\/\\\/dstoulouse.com\\\/en\\\/marie-vaislic-nazi-era-survivor-at-the-german-school-of-toulouse\\\/\"},\"wordCount\":112,\"publisher\":{\"@id\":\"https:\\\/\\\/dstoulouse.com\\\/#organization\"},\"image\":{\"@id\":\"https:\\\/\\\/dstoulouse.com\\\/en\\\/marie-vaislic-nazi-era-survivor-at-the-german-school-of-toulouse\\\/#primaryimage\"},\"thumbnailUrl\":\"https:\\\/\\\/dstoulouse.com\\\/wp-content\\\/uploads\\\/dst_marie_vaislic_titel.jpg\",\"articleSection\":{\"0\":\"DST\",\"1\":\"DST Kulturelles\",\"2\":\"Schuljahr 2022\\\/23\",\"4\":\"Weiterf\u00fchrende Schule\"},\"inLanguage\":\"en-US\"},{\"@type\":\"WebPage\",\"@id\":\"https:\\\/\\\/dstoulouse.com\\\/en\\\/marie-vaislic-nazi-era-survivor-at-the-german-school-of-toulouse\\\/\",\"url\":\"https:\\\/\\\/dstoulouse.com\\\/en\\\/marie-vaislic-nazi-era-survivor-at-the-german-school-of-toulouse\\\/\",\"name\":\"Marie Vaislic, Nazi-Era Survivor, at The German School Of Toulouse - Deutsche Schule Toulouse: Exzellente Deutsche Auslandsschule mit Kindergarten, Grundschule und weiterf&uuml;hrender Schule\",\"isPartOf\":{\"@id\":\"https:\\\/\\\/dstoulouse.com\\\/#website\"},\"primaryImageOfPage\":{\"@id\":\"https:\\\/\\\/dstoulouse.com\\\/en\\\/marie-vaislic-nazi-era-survivor-at-the-german-school-of-toulouse\\\/#primaryimage\"},\"image\":{\"@id\":\"https:\\\/\\\/dstoulouse.com\\\/en\\\/marie-vaislic-nazi-era-survivor-at-the-german-school-of-toulouse\\\/#primaryimage\"},\"thumbnailUrl\":\"https:\\\/\\\/dstoulouse.com\\\/wp-content\\\/uploads\\\/dst_marie_vaislic_titel.jpg\",\"datePublished\":\"2023-01-18T07:27:36+00:00\",\"dateModified\":\"2023-03-20T10:16:47+00:00\",\"breadcrumb\":{\"@id\":\"https:\\\/\\\/dstoulouse.com\\\/en\\\/marie-vaislic-nazi-era-survivor-at-the-german-school-of-toulouse\\\/#breadcrumb\"},\"inLanguage\":\"en-US\",\"potentialAction\":[{\"@type\":\"ReadAction\",\"target\":[\"https:\\\/\\\/dstoulouse.com\\\/en\\\/marie-vaislic-nazi-era-survivor-at-the-german-school-of-toulouse\\\/\"]}]},{\"@type\":\"ImageObject\",\"inLanguage\":\"en-US\",\"@id\":\"https:\\\/\\\/dstoulouse.com\\\/en\\\/marie-vaislic-nazi-era-survivor-at-the-german-school-of-toulouse\\\/#primaryimage\",\"url\":\"https:\\\/\\\/dstoulouse.com\\\/wp-content\\\/uploads\\\/dst_marie_vaislic_titel.jpg\",\"contentUrl\":\"https:\\\/\\\/dstoulouse.com\\\/wp-content\\\/uploads\\\/dst_marie_vaislic_titel.jpg\",\"width\":750,\"height\":330,\"caption\":\"Deutsche Schule Toulouse, Interview mit Zeitzeugin Marie Vaislic\"},{\"@type\":\"BreadcrumbList\",\"@id\":\"https:\\\/\\\/dstoulouse.com\\\/en\\\/marie-vaislic-nazi-era-survivor-at-the-german-school-of-toulouse\\\/#breadcrumb\",\"itemListElement\":[{\"@type\":\"ListItem\",\"position\":1,\"name\":\"Startseite\",\"item\":\"https:\\\/\\\/dstoulouse.com\\\/en\\\/\"},{\"@type\":\"ListItem\",\"position\":2,\"name\":\"Marie Vaislic, Nazi-Era Survivor, at The German School Of Toulouse\"}]},{\"@type\":\"WebSite\",\"@id\":\"https:\\\/\\\/dstoulouse.com\\\/#website\",\"url\":\"https:\\\/\\\/dstoulouse.com\\\/\",\"name\":\"Deutsche Schule Toulouse: Exzellente Deutsche Auslandsschule mit Kindergarten, Grundschule und weiterf&uuml;hrender Schule\",\"description\":\"Wir bilden das Europa von morgen\",\"publisher\":{\"@id\":\"https:\\\/\\\/dstoulouse.com\\\/#organization\"},\"potentialAction\":[{\"@type\":\"SearchAction\",\"target\":{\"@type\":\"EntryPoint\",\"urlTemplate\":\"https:\\\/\\\/dstoulouse.com\\\/?s={search_term_string}\"},\"query-input\":{\"@type\":\"PropertyValueSpecification\",\"valueRequired\":true,\"valueName\":\"search_term_string\"}}],\"inLanguage\":\"en-US\"},{\"@type\":\"Organization\",\"@id\":\"https:\\\/\\\/dstoulouse.com\\\/#organization\",\"name\":\"Deutsche Schule Toulouse\",\"url\":\"https:\\\/\\\/dstoulouse.com\\\/\",\"logo\":{\"@type\":\"ImageObject\",\"inLanguage\":\"en-US\",\"@id\":\"https:\\\/\\\/dstoulouse.com\\\/#\\\/schema\\\/logo\\\/image\\\/\",\"url\":\"https:\\\/\\\/dstoulouse.com\\\/wp-content\\\/uploads\\\/dst-logo.jpg\",\"contentUrl\":\"https:\\\/\\\/dstoulouse.com\\\/wp-content\\\/uploads\\\/dst-logo.jpg\",\"width\":149,\"height\":107,\"caption\":\"Deutsche Schule Toulouse\"},\"image\":{\"@id\":\"https:\\\/\\\/dstoulouse.com\\\/#\\\/schema\\\/logo\\\/image\\\/\"}},{\"@type\":\"Person\",\"@id\":\"https:\\\/\\\/dstoulouse.com\\\/#\\\/schema\\\/person\\\/0b48fa4e25c55048d6e0bb98b1696975\",\"name\":\"Nicole KN\u00dcPPEL\"}]}<\/script>\n<!-- \/ Yoast SEO plugin. -->","yoast_head_json":{"title":"Marie Vaislic, Nazi-Era Survivor, at The German School Of Toulouse - Deutsche Schule Toulouse: Exzellente Deutsche Auslandsschule mit Kindergarten, Grundschule und weiterf&uuml;hrender Schule","robots":{"index":"index","follow":"follow","max-snippet":"max-snippet:-1","max-image-preview":"max-image-preview:large","max-video-preview":"max-video-preview:-1"},"canonical":"https:\/\/dstoulouse.com\/en\/marie-vaislic-nazi-era-survivor-at-the-german-school-of-toulouse\/","og_locale":"en_US","og_type":"article","og_title":"Marie Vaislic, Nazi-Era Survivor, at The German School Of Toulouse - Deutsche Schule Toulouse: Exzellente Deutsche Auslandsschule mit Kindergarten, Grundschule und weiterf&uuml;hrender Schule","og_description":"On January 16, students from the German School of Toulouse and the Lyc\u00e9e Victor Hugo in Colomiers met 92-year-old Marie Vaislic, a survivor of the Nazi era. Her poignant and... Read More","og_url":"https:\/\/dstoulouse.com\/en\/marie-vaislic-nazi-era-survivor-at-the-german-school-of-toulouse\/","og_site_name":"Deutsche Schule Toulouse: Exzellente Deutsche Auslandsschule mit Kindergarten, Grundschule und weiterf&uuml;hrender Schule","article_published_time":"2023-01-18T07:27:36+00:00","article_modified_time":"2023-03-20T10:16:47+00:00","og_image":[{"width":750,"height":330,"url":"https:\/\/dstoulouse.com\/wp-content\/uploads\/dst_marie_vaislic_titel.jpg","type":"image\/jpeg"}],"author":"Nicole KN\u00dcPPEL","twitter_card":"summary_large_image","twitter_misc":{"Written by":"Nicole KN\u00dcPPEL","Est. reading time":"1 minute"},"schema":{"@context":"https:\/\/schema.org","@graph":[{"@type":"Article","@id":"https:\/\/dstoulouse.com\/en\/marie-vaislic-nazi-era-survivor-at-the-german-school-of-toulouse\/#article","isPartOf":{"@id":"https:\/\/dstoulouse.com\/en\/marie-vaislic-nazi-era-survivor-at-the-german-school-of-toulouse\/"},"author":{"name":"Nicole KN\u00dcPPEL","@id":"https:\/\/dstoulouse.com\/#\/schema\/person\/0b48fa4e25c55048d6e0bb98b1696975"},"headline":"Marie Vaislic, Nazi-Era Survivor, at The German School Of Toulouse","datePublished":"2023-01-18T07:27:36+00:00","dateModified":"2023-03-20T10:16:47+00:00","mainEntityOfPage":{"@id":"https:\/\/dstoulouse.com\/en\/marie-vaislic-nazi-era-survivor-at-the-german-school-of-toulouse\/"},"wordCount":112,"publisher":{"@id":"https:\/\/dstoulouse.com\/#organization"},"image":{"@id":"https:\/\/dstoulouse.com\/en\/marie-vaislic-nazi-era-survivor-at-the-german-school-of-toulouse\/#primaryimage"},"thumbnailUrl":"https:\/\/dstoulouse.com\/wp-content\/uploads\/dst_marie_vaislic_titel.jpg","articleSection":{"0":"DST","1":"DST Kulturelles","2":"Schuljahr 2022\/23","4":"Weiterf\u00fchrende Schule"},"inLanguage":"en-US"},{"@type":"WebPage","@id":"https:\/\/dstoulouse.com\/en\/marie-vaislic-nazi-era-survivor-at-the-german-school-of-toulouse\/","url":"https:\/\/dstoulouse.com\/en\/marie-vaislic-nazi-era-survivor-at-the-german-school-of-toulouse\/","name":"Marie Vaislic, Nazi-Era Survivor, at The German School Of Toulouse - Deutsche Schule Toulouse: Exzellente Deutsche Auslandsschule mit Kindergarten, Grundschule und weiterf&uuml;hrender Schule","isPartOf":{"@id":"https:\/\/dstoulouse.com\/#website"},"primaryImageOfPage":{"@id":"https:\/\/dstoulouse.com\/en\/marie-vaislic-nazi-era-survivor-at-the-german-school-of-toulouse\/#primaryimage"},"image":{"@id":"https:\/\/dstoulouse.com\/en\/marie-vaislic-nazi-era-survivor-at-the-german-school-of-toulouse\/#primaryimage"},"thumbnailUrl":"https:\/\/dstoulouse.com\/wp-content\/uploads\/dst_marie_vaislic_titel.jpg","datePublished":"2023-01-18T07:27:36+00:00","dateModified":"2023-03-20T10:16:47+00:00","breadcrumb":{"@id":"https:\/\/dstoulouse.com\/en\/marie-vaislic-nazi-era-survivor-at-the-german-school-of-toulouse\/#breadcrumb"},"inLanguage":"en-US","potentialAction":[{"@type":"ReadAction","target":["https:\/\/dstoulouse.com\/en\/marie-vaislic-nazi-era-survivor-at-the-german-school-of-toulouse\/"]}]},{"@type":"ImageObject","inLanguage":"en-US","@id":"https:\/\/dstoulouse.com\/en\/marie-vaislic-nazi-era-survivor-at-the-german-school-of-toulouse\/#primaryimage","url":"https:\/\/dstoulouse.com\/wp-content\/uploads\/dst_marie_vaislic_titel.jpg","contentUrl":"https:\/\/dstoulouse.com\/wp-content\/uploads\/dst_marie_vaislic_titel.jpg","width":750,"height":330,"caption":"Deutsche Schule Toulouse, Interview mit Zeitzeugin Marie Vaislic"},{"@type":"BreadcrumbList","@id":"https:\/\/dstoulouse.com\/en\/marie-vaislic-nazi-era-survivor-at-the-german-school-of-toulouse\/#breadcrumb","itemListElement":[{"@type":"ListItem","position":1,"name":"Startseite","item":"https:\/\/dstoulouse.com\/en\/"},{"@type":"ListItem","position":2,"name":"Marie Vaislic, Nazi-Era Survivor, at The German School Of Toulouse"}]},{"@type":"WebSite","@id":"https:\/\/dstoulouse.com\/#website","url":"https:\/\/dstoulouse.com\/","name":"Deutsche Schule Toulouse: Exzellente Deutsche Auslandsschule mit Kindergarten, Grundschule und weiterf&uuml;hrender Schule","description":"Wir bilden das Europa von morgen","publisher":{"@id":"https:\/\/dstoulouse.com\/#organization"},"potentialAction":[{"@type":"SearchAction","target":{"@type":"EntryPoint","urlTemplate":"https:\/\/dstoulouse.com\/?s={search_term_string}"},"query-input":{"@type":"PropertyValueSpecification","valueRequired":true,"valueName":"search_term_string"}}],"inLanguage":"en-US"},{"@type":"Organization","@id":"https:\/\/dstoulouse.com\/#organization","name":"Deutsche Schule Toulouse","url":"https:\/\/dstoulouse.com\/","logo":{"@type":"ImageObject","inLanguage":"en-US","@id":"https:\/\/dstoulouse.com\/#\/schema\/logo\/image\/","url":"https:\/\/dstoulouse.com\/wp-content\/uploads\/dst-logo.jpg","contentUrl":"https:\/\/dstoulouse.com\/wp-content\/uploads\/dst-logo.jpg","width":149,"height":107,"caption":"Deutsche Schule Toulouse"},"image":{"@id":"https:\/\/dstoulouse.com\/#\/schema\/logo\/image\/"}},{"@type":"Person","@id":"https:\/\/dstoulouse.com\/#\/schema\/person\/0b48fa4e25c55048d6e0bb98b1696975","name":"Nicole KN\u00dcPPEL"}]}},"_links":{"self":[{"href":"https:\/\/dstoulouse.com\/en\/wp-json\/wp\/v2\/posts\/13233","targetHints":{"allow":["GET"]}}],"collection":[{"href":"https:\/\/dstoulouse.com\/en\/wp-json\/wp\/v2\/posts"}],"about":[{"href":"https:\/\/dstoulouse.com\/en\/wp-json\/wp\/v2\/types\/post"}],"author":[{"embeddable":true,"href":"https:\/\/dstoulouse.com\/en\/wp-json\/wp\/v2\/users\/2"}],"replies":[{"embeddable":true,"href":"https:\/\/dstoulouse.com\/en\/wp-json\/wp\/v2\/comments?post=13233"}],"version-history":[{"count":0,"href":"https:\/\/dstoulouse.com\/en\/wp-json\/wp\/v2\/posts\/13233\/revisions"}],"wp:featuredmedia":[{"embeddable":true,"href":"https:\/\/dstoulouse.com\/en\/wp-json\/wp\/v2\/media\/12836"}],"wp:attachment":[{"href":"https:\/\/dstoulouse.com\/en\/wp-json\/wp\/v2\/media?parent=13233"}],"wp:term":[{"taxonomy":"category","embeddable":true,"href":"https:\/\/dstoulouse.com\/en\/wp-json\/wp\/v2\/categories?post=13233"},{"taxonomy":"post_tag","embeddable":true,"href":"https:\/\/dstoulouse.com\/en\/wp-json\/wp\/v2\/tags?post=13233"}],"curies":[{"name":"wp","href":"https:\/\/api.w.org\/{rel}","templated":true}]}}