{"id":12868,"date":"2023-01-16T09:17:47","date_gmt":"2023-01-16T08:17:47","guid":{"rendered":"https:\/\/dstoulouse.com\/deutsch-franzoesische-woche-2\/"},"modified":"2023-01-23T09:03:50","modified_gmt":"2023-01-23T08:03:50","slug":"semaine-franco-allemande-toulouse-2023","status":"publish","type":"post","link":"https:\/\/dstoulouse.com\/fr\/semaine-franco-allemande-toulouse-2023\/","title":{"rendered":"Semaine franco-allemande de Toulouse 2023"},"content":{"rendered":"\n<p>La ville de Toulouse propose cette pour cette 20\u00e8me \u00e9dition qui c\u00e9l\u00e8bre parall\u00e8lement les 60 ans du trait\u00e9 d\u00b4Elys\u00e9e un programme extr\u00eamement riche. Des concerts, pi\u00e8ces de th\u00e9\u00e2tre, animations, expositions, ateliers, conf\u00e9rences\u2026 \u2013 il y a pour tous les go\u00fbts.<br>L\u00b4Ecole Allemande de Toulouse a programm\u00e9 durant cette p\u00e9riode des \u00e9v\u00e9nements pour ses \u00e9l\u00e8ves et le grand public du 16 janvier au 2 f\u00e9vrier prochain :<\/p>\n\n\n\n<h4 class=\"wp-block-heading\">Grand public (Inscriptions: dstoulouse@dstoulouse:com)<\/h4>\n\n\n\n<p><strong>19 janvier 2023 \u00e0 19h30 : <\/strong>Pi\u00e8ce de th\u00e9\u00e2tre OPA ! &#8211; Eurocampus Colomiers, Auditorium EC 7, 2 ,all\u00e9e de l&rsquo;Herbaudi\u00e8re, Colomiers<\/p>\n\n\n\n<p><strong>24 janvier 2023 \u00e0 14h30 :<\/strong> Conf\u00e9rence : \u201eSprache in Krisenzeiten, Beispiel Corona\u201c &#8211; Goethe-Institut, 4bis Rue Cl\u00e9mence Isaure, Toulouse<\/p>\n\n\n\n<p><strong>24 janvier 2023 \u00e0 19h30 : <\/strong>Conf\u00e9rence : \u201eSprache in Krisenzeiten, Beispiel Corona\u201c &#8211; Eurocampus Colomiers, Auditorium EC 7, 2 ,all\u00e9e de l&rsquo;Herbaudi\u00e8re, Colomiers<\/p>\n\n\n\n<p><strong>2 f\u00e9vrier 2023 \u00e0 18h30 :<\/strong> Concert Franco-allemand \u2013 Eurocampus Colomiers, Auditorium EC 7, 2 ,all\u00e9e de l&rsquo;Herbaudi\u00e8re, Colomiers<\/p>\n\n\n\n<figure class=\"wp-block-image size-full\"><img loading=\"lazy\" decoding=\"async\" width=\"750\" height=\"500\" src=\"https:\/\/dstoulouse.com\/wp-content\/uploads\/dst_d_f_woche_opa.jpg\" alt=\"Deutsche Schule Toulouse, Theaterst\u00fcck &quot;OPA&quot; mit Ilka Vierkant\" class=\"wp-image-12805\" srcset=\"https:\/\/dstoulouse.com\/wp-content\/uploads\/dst_d_f_woche_opa.jpg 750w, https:\/\/dstoulouse.com\/wp-content\/uploads\/dst_d_f_woche_opa-300x200.jpg 300w\" sizes=\"auto, (max-width: 750px) 100vw, 750px\" \/><\/figure>\n\n\n\n<p><\/p>\n\n\n\n<h4 class=\"wp-block-heading\"><strong>El\u00e8ves :<\/strong><\/h4>\n\n\n\n<p><strong>16 janvier 2023 \u00e0 10h <\/strong>\u2013 Expos\u00e9 de Marie Vaislic, t\u00e9moin de l\u00b4\u00e9poque Nazie<\/p>\n\n\n\n<p><strong>18 janvier 2023 \u00e0 19h30 <\/strong>: Pi\u00e8ce de th\u00e9\u00e2tre OPA !<\/p>\n\n\n\n<p><strong>20 janvier 2023 \u00e0 10 h<\/strong> : Rap franco-allemand avec Axel AVP et atelier d\u00b4\u00e9criture<\/p>\n\n\n\n<p><strong>23 janvier 2023 \u00e0 10h <\/strong>: Atelier \u00ab Crise du langage et crise de la conscience autour de 1900 \u00bb<\/p>\n\n\n\n<p><br>Tout le programme de la semaine franco-allemande de Toulouse : <a href=\"https:\/\/dstoulouse.com\/wp-content\/uploads\/Programme-SFA-2023.pdf\"><strong>Programme <\/strong><\/a><\/p>\n\n\n\n<p><\/p>\n\n\n\n<figure class=\"wp-block-image size-full\"><img loading=\"lazy\" decoding=\"async\" width=\"750\" height=\"500\" src=\"https:\/\/dstoulouse.com\/wp-content\/uploads\/dst_dfwoche_weinert.jpg\" alt=\"Deutsche Schule Toulouse, Vortrag Sprachwandel w\u00e4hrend der COVID-19-Pandemie\" class=\"wp-image-12815\" srcset=\"https:\/\/dstoulouse.com\/wp-content\/uploads\/dst_dfwoche_weinert.jpg 750w, https:\/\/dstoulouse.com\/wp-content\/uploads\/dst_dfwoche_weinert-300x200.jpg 300w\" sizes=\"auto, (max-width: 750px) 100vw, 750px\" \/><\/figure>\n","protected":false},"excerpt":{"rendered":"<p>La ville de Toulouse propose cette pour cette 20\u00e8me \u00e9dition qui c\u00e9l\u00e8bre parall\u00e8lement les 60 ans du trait\u00e9 d\u00b4Elys\u00e9e un programme extr\u00eamement riche. Des concerts, pi\u00e8ces de th\u00e9\u00e2tre, animations, expositions,&#8230; <\/p>\n<div class=\"clear\"><\/div>\n<p><a href=\"https:\/\/dstoulouse.com\/fr\/semaine-franco-allemande-toulouse-2023\/\" class=\"gdlr-button with-border excerpt-read-more\">En savoir plus<\/a><\/p>\n","protected":false},"author":2,"featured_media":12803,"comment_status":"closed","ping_status":"open","sticky":false,"template":"","format":"standard","meta":{"_EventAllDay":false,"_EventTimezone":"","_EventStartDate":"","_EventEndDate":"","_EventStartDateUTC":"","_EventEndDateUTC":"","_EventShowMap":false,"_EventShowMapLink":false,"_EventURL":"","_EventCost":"","_EventCostDescription":"","_EventCurrencySymbol":"","_EventCurrencyCode":"","_EventCurrencyPosition":"","_EventDateTimeSeparator":"","_EventTimeRangeSeparator":"","_EventOrganizerID":[],"_EventVenueID":[],"_OrganizerEmail":"","_OrganizerPhone":"","_OrganizerWebsite":"","_VenueAddress":"","_VenueCity":"","_VenueCountry":"","_VenueProvince":"","_VenueState":"","_VenueZip":"","_VenuePhone":"","_VenueURL":"","_VenueStateProvince":"","_VenueLat":"","_VenueLng":"","_VenueShowMap":false,"_VenueShowMapLink":false,"iawp_total_views":70,"footnotes":""},"categories":[76,51,68,75],"tags":[],"class_list":["post-12868","post","type-post","status-publish","format-standard","has-post-thumbnail","hentry","category-annee-scolaire-2022-23","category-dst-fr","category-dst-kulturelles-fr","category-schuljahr-2022-23-fr"],"yoast_head":"<!-- This site is optimized with the Yoast SEO plugin v27.3 - https:\/\/yoast.com\/product\/yoast-seo-wordpress\/ -->\n<title>Semaine franco-allemande de Toulouse 2023 - Deutsche Schule Toulouse: Exzellente Deutsche Auslandsschule mit Kindergarten, Grundschule und weiterf&uuml;hrender Schule<\/title>\n<meta name=\"robots\" content=\"index, follow, max-snippet:-1, max-image-preview:large, max-video-preview:-1\" \/>\n<link rel=\"canonical\" href=\"https:\/\/dstoulouse.com\/fr\/semaine-franco-allemande-toulouse-2023\/\" \/>\n<meta property=\"og:locale\" content=\"fr_FR\" \/>\n<meta property=\"og:type\" content=\"article\" \/>\n<meta property=\"og:title\" content=\"Semaine franco-allemande de Toulouse 2023 - Deutsche Schule Toulouse: Exzellente Deutsche Auslandsschule mit Kindergarten, Grundschule und weiterf&uuml;hrender Schule\" \/>\n<meta property=\"og:description\" content=\"La ville de Toulouse propose cette pour cette 20\u00e8me \u00e9dition qui c\u00e9l\u00e8bre parall\u00e8lement les 60 ans du trait\u00e9 d\u00b4Elys\u00e9e un programme extr\u00eamement riche. Des concerts, pi\u00e8ces de th\u00e9\u00e2tre, animations, expositions,... En savoir plus\" \/>\n<meta property=\"og:url\" content=\"https:\/\/dstoulouse.com\/fr\/semaine-franco-allemande-toulouse-2023\/\" \/>\n<meta property=\"og:site_name\" content=\"Deutsche Schule Toulouse: Exzellente Deutsche Auslandsschule mit Kindergarten, Grundschule und weiterf&uuml;hrender Schule\" \/>\n<meta property=\"article:published_time\" content=\"2023-01-16T08:17:47+00:00\" \/>\n<meta property=\"article:modified_time\" content=\"2023-01-23T08:03:50+00:00\" \/>\n<meta property=\"og:image\" content=\"https:\/\/dstoulouse.com\/wp-content\/uploads\/d_f_woche_2023.jpg\" \/>\n\t<meta property=\"og:image:width\" content=\"750\" \/>\n\t<meta property=\"og:image:height\" content=\"330\" \/>\n\t<meta property=\"og:image:type\" content=\"image\/jpeg\" \/>\n<meta name=\"author\" content=\"Nicole KN\u00dcPPEL\" \/>\n<meta name=\"twitter:card\" content=\"summary_large_image\" \/>\n<meta name=\"twitter:label1\" content=\"\u00c9crit par\" \/>\n\t<meta name=\"twitter:data1\" content=\"Nicole KN\u00dcPPEL\" \/>\n\t<meta name=\"twitter:label2\" content=\"Dur\u00e9e de lecture estim\u00e9e\" \/>\n\t<meta name=\"twitter:data2\" content=\"2 minutes\" \/>\n<script type=\"application\/ld+json\" class=\"yoast-schema-graph\">{\"@context\":\"https:\\\/\\\/schema.org\",\"@graph\":[{\"@type\":\"Article\",\"@id\":\"https:\\\/\\\/dstoulouse.com\\\/fr\\\/semaine-franco-allemande-toulouse-2023\\\/#article\",\"isPartOf\":{\"@id\":\"https:\\\/\\\/dstoulouse.com\\\/fr\\\/semaine-franco-allemande-toulouse-2023\\\/\"},\"author\":{\"name\":\"Nicole KN\u00dcPPEL\",\"@id\":\"https:\\\/\\\/dstoulouse.com\\\/#\\\/schema\\\/person\\\/0b48fa4e25c55048d6e0bb98b1696975\"},\"headline\":\"Semaine franco-allemande de Toulouse 2023\",\"datePublished\":\"2023-01-16T08:17:47+00:00\",\"dateModified\":\"2023-01-23T08:03:50+00:00\",\"mainEntityOfPage\":{\"@id\":\"https:\\\/\\\/dstoulouse.com\\\/fr\\\/semaine-franco-allemande-toulouse-2023\\\/\"},\"wordCount\":216,\"publisher\":{\"@id\":\"https:\\\/\\\/dstoulouse.com\\\/#organization\"},\"image\":{\"@id\":\"https:\\\/\\\/dstoulouse.com\\\/fr\\\/semaine-franco-allemande-toulouse-2023\\\/#primaryimage\"},\"thumbnailUrl\":\"https:\\\/\\\/dstoulouse.com\\\/wp-content\\\/uploads\\\/d_f_woche_2023.jpg\",\"articleSection\":[\"Ann\u00e9e scolaire 2022\\\/23\",\"DST\",\"DST Kulturelles\",\"Schuljahr 2022\\\/23\"],\"inLanguage\":\"fr-FR\"},{\"@type\":\"WebPage\",\"@id\":\"https:\\\/\\\/dstoulouse.com\\\/fr\\\/semaine-franco-allemande-toulouse-2023\\\/\",\"url\":\"https:\\\/\\\/dstoulouse.com\\\/fr\\\/semaine-franco-allemande-toulouse-2023\\\/\",\"name\":\"Semaine franco-allemande de Toulouse 2023 - Deutsche Schule Toulouse: Exzellente Deutsche Auslandsschule mit Kindergarten, Grundschule und weiterf&uuml;hrender Schule\",\"isPartOf\":{\"@id\":\"https:\\\/\\\/dstoulouse.com\\\/#website\"},\"primaryImageOfPage\":{\"@id\":\"https:\\\/\\\/dstoulouse.com\\\/fr\\\/semaine-franco-allemande-toulouse-2023\\\/#primaryimage\"},\"image\":{\"@id\":\"https:\\\/\\\/dstoulouse.com\\\/fr\\\/semaine-franco-allemande-toulouse-2023\\\/#primaryimage\"},\"thumbnailUrl\":\"https:\\\/\\\/dstoulouse.com\\\/wp-content\\\/uploads\\\/d_f_woche_2023.jpg\",\"datePublished\":\"2023-01-16T08:17:47+00:00\",\"dateModified\":\"2023-01-23T08:03:50+00:00\",\"breadcrumb\":{\"@id\":\"https:\\\/\\\/dstoulouse.com\\\/fr\\\/semaine-franco-allemande-toulouse-2023\\\/#breadcrumb\"},\"inLanguage\":\"fr-FR\",\"potentialAction\":[{\"@type\":\"ReadAction\",\"target\":[\"https:\\\/\\\/dstoulouse.com\\\/fr\\\/semaine-franco-allemande-toulouse-2023\\\/\"]}]},{\"@type\":\"ImageObject\",\"inLanguage\":\"fr-FR\",\"@id\":\"https:\\\/\\\/dstoulouse.com\\\/fr\\\/semaine-franco-allemande-toulouse-2023\\\/#primaryimage\",\"url\":\"https:\\\/\\\/dstoulouse.com\\\/wp-content\\\/uploads\\\/d_f_woche_2023.jpg\",\"contentUrl\":\"https:\\\/\\\/dstoulouse.com\\\/wp-content\\\/uploads\\\/d_f_woche_2023.jpg\",\"width\":750,\"height\":330,\"caption\":\"Plakat Deutsch-Franz\u00f6sische Woche 2023\"},{\"@type\":\"BreadcrumbList\",\"@id\":\"https:\\\/\\\/dstoulouse.com\\\/fr\\\/semaine-franco-allemande-toulouse-2023\\\/#breadcrumb\",\"itemListElement\":[{\"@type\":\"ListItem\",\"position\":1,\"name\":\"Startseite\",\"item\":\"https:\\\/\\\/dstoulouse.com\\\/fr\\\/\"},{\"@type\":\"ListItem\",\"position\":2,\"name\":\"Semaine franco-allemande de Toulouse 2023\"}]},{\"@type\":\"WebSite\",\"@id\":\"https:\\\/\\\/dstoulouse.com\\\/#website\",\"url\":\"https:\\\/\\\/dstoulouse.com\\\/\",\"name\":\"Deutsche Schule Toulouse: Exzellente Deutsche Auslandsschule mit Kindergarten, Grundschule und weiterf&uuml;hrender Schule\",\"description\":\"Wir bilden das Europa von morgen\",\"publisher\":{\"@id\":\"https:\\\/\\\/dstoulouse.com\\\/#organization\"},\"potentialAction\":[{\"@type\":\"SearchAction\",\"target\":{\"@type\":\"EntryPoint\",\"urlTemplate\":\"https:\\\/\\\/dstoulouse.com\\\/?s={search_term_string}\"},\"query-input\":{\"@type\":\"PropertyValueSpecification\",\"valueRequired\":true,\"valueName\":\"search_term_string\"}}],\"inLanguage\":\"fr-FR\"},{\"@type\":\"Organization\",\"@id\":\"https:\\\/\\\/dstoulouse.com\\\/#organization\",\"name\":\"Deutsche Schule Toulouse\",\"url\":\"https:\\\/\\\/dstoulouse.com\\\/\",\"logo\":{\"@type\":\"ImageObject\",\"inLanguage\":\"fr-FR\",\"@id\":\"https:\\\/\\\/dstoulouse.com\\\/#\\\/schema\\\/logo\\\/image\\\/\",\"url\":\"https:\\\/\\\/dstoulouse.com\\\/wp-content\\\/uploads\\\/dst-logo.jpg\",\"contentUrl\":\"https:\\\/\\\/dstoulouse.com\\\/wp-content\\\/uploads\\\/dst-logo.jpg\",\"width\":149,\"height\":107,\"caption\":\"Deutsche Schule Toulouse\"},\"image\":{\"@id\":\"https:\\\/\\\/dstoulouse.com\\\/#\\\/schema\\\/logo\\\/image\\\/\"}},{\"@type\":\"Person\",\"@id\":\"https:\\\/\\\/dstoulouse.com\\\/#\\\/schema\\\/person\\\/0b48fa4e25c55048d6e0bb98b1696975\",\"name\":\"Nicole KN\u00dcPPEL\"}]}<\/script>\n<!-- \/ Yoast SEO plugin. -->","yoast_head_json":{"title":"Semaine franco-allemande de Toulouse 2023 - Deutsche Schule Toulouse: Exzellente Deutsche Auslandsschule mit Kindergarten, Grundschule und weiterf&uuml;hrender Schule","robots":{"index":"index","follow":"follow","max-snippet":"max-snippet:-1","max-image-preview":"max-image-preview:large","max-video-preview":"max-video-preview:-1"},"canonical":"https:\/\/dstoulouse.com\/fr\/semaine-franco-allemande-toulouse-2023\/","og_locale":"fr_FR","og_type":"article","og_title":"Semaine franco-allemande de Toulouse 2023 - Deutsche Schule Toulouse: Exzellente Deutsche Auslandsschule mit Kindergarten, Grundschule und weiterf&uuml;hrender Schule","og_description":"La ville de Toulouse propose cette pour cette 20\u00e8me \u00e9dition qui c\u00e9l\u00e8bre parall\u00e8lement les 60 ans du trait\u00e9 d\u00b4Elys\u00e9e un programme extr\u00eamement riche. Des concerts, pi\u00e8ces de th\u00e9\u00e2tre, animations, expositions,... En savoir plus","og_url":"https:\/\/dstoulouse.com\/fr\/semaine-franco-allemande-toulouse-2023\/","og_site_name":"Deutsche Schule Toulouse: Exzellente Deutsche Auslandsschule mit Kindergarten, Grundschule und weiterf&uuml;hrender Schule","article_published_time":"2023-01-16T08:17:47+00:00","article_modified_time":"2023-01-23T08:03:50+00:00","og_image":[{"width":750,"height":330,"url":"https:\/\/dstoulouse.com\/wp-content\/uploads\/d_f_woche_2023.jpg","type":"image\/jpeg"}],"author":"Nicole KN\u00dcPPEL","twitter_card":"summary_large_image","twitter_misc":{"\u00c9crit par":"Nicole KN\u00dcPPEL","Dur\u00e9e de lecture estim\u00e9e":"2 minutes"},"schema":{"@context":"https:\/\/schema.org","@graph":[{"@type":"Article","@id":"https:\/\/dstoulouse.com\/fr\/semaine-franco-allemande-toulouse-2023\/#article","isPartOf":{"@id":"https:\/\/dstoulouse.com\/fr\/semaine-franco-allemande-toulouse-2023\/"},"author":{"name":"Nicole KN\u00dcPPEL","@id":"https:\/\/dstoulouse.com\/#\/schema\/person\/0b48fa4e25c55048d6e0bb98b1696975"},"headline":"Semaine franco-allemande de Toulouse 2023","datePublished":"2023-01-16T08:17:47+00:00","dateModified":"2023-01-23T08:03:50+00:00","mainEntityOfPage":{"@id":"https:\/\/dstoulouse.com\/fr\/semaine-franco-allemande-toulouse-2023\/"},"wordCount":216,"publisher":{"@id":"https:\/\/dstoulouse.com\/#organization"},"image":{"@id":"https:\/\/dstoulouse.com\/fr\/semaine-franco-allemande-toulouse-2023\/#primaryimage"},"thumbnailUrl":"https:\/\/dstoulouse.com\/wp-content\/uploads\/d_f_woche_2023.jpg","articleSection":["Ann\u00e9e scolaire 2022\/23","DST","DST Kulturelles","Schuljahr 2022\/23"],"inLanguage":"fr-FR"},{"@type":"WebPage","@id":"https:\/\/dstoulouse.com\/fr\/semaine-franco-allemande-toulouse-2023\/","url":"https:\/\/dstoulouse.com\/fr\/semaine-franco-allemande-toulouse-2023\/","name":"Semaine franco-allemande de Toulouse 2023 - Deutsche Schule Toulouse: Exzellente Deutsche Auslandsschule mit Kindergarten, Grundschule und weiterf&uuml;hrender Schule","isPartOf":{"@id":"https:\/\/dstoulouse.com\/#website"},"primaryImageOfPage":{"@id":"https:\/\/dstoulouse.com\/fr\/semaine-franco-allemande-toulouse-2023\/#primaryimage"},"image":{"@id":"https:\/\/dstoulouse.com\/fr\/semaine-franco-allemande-toulouse-2023\/#primaryimage"},"thumbnailUrl":"https:\/\/dstoulouse.com\/wp-content\/uploads\/d_f_woche_2023.jpg","datePublished":"2023-01-16T08:17:47+00:00","dateModified":"2023-01-23T08:03:50+00:00","breadcrumb":{"@id":"https:\/\/dstoulouse.com\/fr\/semaine-franco-allemande-toulouse-2023\/#breadcrumb"},"inLanguage":"fr-FR","potentialAction":[{"@type":"ReadAction","target":["https:\/\/dstoulouse.com\/fr\/semaine-franco-allemande-toulouse-2023\/"]}]},{"@type":"ImageObject","inLanguage":"fr-FR","@id":"https:\/\/dstoulouse.com\/fr\/semaine-franco-allemande-toulouse-2023\/#primaryimage","url":"https:\/\/dstoulouse.com\/wp-content\/uploads\/d_f_woche_2023.jpg","contentUrl":"https:\/\/dstoulouse.com\/wp-content\/uploads\/d_f_woche_2023.jpg","width":750,"height":330,"caption":"Plakat Deutsch-Franz\u00f6sische Woche 2023"},{"@type":"BreadcrumbList","@id":"https:\/\/dstoulouse.com\/fr\/semaine-franco-allemande-toulouse-2023\/#breadcrumb","itemListElement":[{"@type":"ListItem","position":1,"name":"Startseite","item":"https:\/\/dstoulouse.com\/fr\/"},{"@type":"ListItem","position":2,"name":"Semaine franco-allemande de Toulouse 2023"}]},{"@type":"WebSite","@id":"https:\/\/dstoulouse.com\/#website","url":"https:\/\/dstoulouse.com\/","name":"Deutsche Schule Toulouse: Exzellente Deutsche Auslandsschule mit Kindergarten, Grundschule und weiterf&uuml;hrender Schule","description":"Wir bilden das Europa von morgen","publisher":{"@id":"https:\/\/dstoulouse.com\/#organization"},"potentialAction":[{"@type":"SearchAction","target":{"@type":"EntryPoint","urlTemplate":"https:\/\/dstoulouse.com\/?s={search_term_string}"},"query-input":{"@type":"PropertyValueSpecification","valueRequired":true,"valueName":"search_term_string"}}],"inLanguage":"fr-FR"},{"@type":"Organization","@id":"https:\/\/dstoulouse.com\/#organization","name":"Deutsche Schule Toulouse","url":"https:\/\/dstoulouse.com\/","logo":{"@type":"ImageObject","inLanguage":"fr-FR","@id":"https:\/\/dstoulouse.com\/#\/schema\/logo\/image\/","url":"https:\/\/dstoulouse.com\/wp-content\/uploads\/dst-logo.jpg","contentUrl":"https:\/\/dstoulouse.com\/wp-content\/uploads\/dst-logo.jpg","width":149,"height":107,"caption":"Deutsche Schule Toulouse"},"image":{"@id":"https:\/\/dstoulouse.com\/#\/schema\/logo\/image\/"}},{"@type":"Person","@id":"https:\/\/dstoulouse.com\/#\/schema\/person\/0b48fa4e25c55048d6e0bb98b1696975","name":"Nicole KN\u00dcPPEL"}]}},"_links":{"self":[{"href":"https:\/\/dstoulouse.com\/fr\/wp-json\/wp\/v2\/posts\/12868","targetHints":{"allow":["GET"]}}],"collection":[{"href":"https:\/\/dstoulouse.com\/fr\/wp-json\/wp\/v2\/posts"}],"about":[{"href":"https:\/\/dstoulouse.com\/fr\/wp-json\/wp\/v2\/types\/post"}],"author":[{"embeddable":true,"href":"https:\/\/dstoulouse.com\/fr\/wp-json\/wp\/v2\/users\/2"}],"replies":[{"embeddable":true,"href":"https:\/\/dstoulouse.com\/fr\/wp-json\/wp\/v2\/comments?post=12868"}],"version-history":[{"count":0,"href":"https:\/\/dstoulouse.com\/fr\/wp-json\/wp\/v2\/posts\/12868\/revisions"}],"wp:featuredmedia":[{"embeddable":true,"href":"https:\/\/dstoulouse.com\/fr\/wp-json\/wp\/v2\/media\/12803"}],"wp:attachment":[{"href":"https:\/\/dstoulouse.com\/fr\/wp-json\/wp\/v2\/media?parent=12868"}],"wp:term":[{"taxonomy":"category","embeddable":true,"href":"https:\/\/dstoulouse.com\/fr\/wp-json\/wp\/v2\/categories?post=12868"},{"taxonomy":"post_tag","embeddable":true,"href":"https:\/\/dstoulouse.com\/fr\/wp-json\/wp\/v2\/tags?post=12868"}],"curies":[{"name":"wp","href":"https:\/\/api.w.org\/{rel}","templated":true}]}}