{"id":13118,"date":"2023-03-06T10:56:20","date_gmt":"2023-03-06T09:56:20","guid":{"rendered":"https:\/\/dstoulouse.com\/virtueller-tag-der-offenen-tuer-am-14-maerz\/"},"modified":"2023-03-06T11:08:12","modified_gmt":"2023-03-06T10:08:12","slug":"virtueller-tag-der-offenen-tuer-am-14-maerz","status":"publish","type":"post","link":"https:\/\/dstoulouse.com\/fr\/virtueller-tag-der-offenen-tuer-am-14-maerz\/","title":{"rendered":"Ecole El\u00e9mentaire : Une soir\u00e9e virtuelle d&rsquo;informations le 14 mars"},"content":{"rendered":"\n<p>D\u00e9couvrez notre Ecole El\u00e9mentaire lors d&rsquo;une soir\u00e9e d&rsquo;information virtuelle le 14 mars \u00e0 19 heures. <br>Doris Weinmann, Directrice de l&rsquo;Ecole El\u00e9mentaire, vous renseignera et \u00e9changera avec vous sur les avantages d&rsquo;une scolarit\u00e9 au sein de l\u00b4Ecole : apprentissage dans des classes \u00e0 petits effectifs, multilinguisme, accompagnement individualis\u00e9, \u2026. dans un environnement interculturel et cosmopolite. Inscription : <a href=\"https:\/\/forms.office.com\/e\/8aW9aVrk99\" target=\"_blank\" rel=\"noreferrer noopener\">Inscription \u00e0 la soir\u00e9e d&rsquo;information virtuelle<\/a>.<\/p>\n","protected":false},"excerpt":{"rendered":"<p>D\u00e9couvrez notre Ecole El\u00e9mentaire lors d&rsquo;une soir\u00e9e d&rsquo;information virtuelle le 14 mars \u00e0 19 heures. Doris Weinmann, Directrice de l&rsquo;Ecole El\u00e9mentaire, vous renseignera et \u00e9changera avec vous sur les avantages&#8230; <\/p>\n<div class=\"clear\"><\/div>\n<p><a href=\"https:\/\/dstoulouse.com\/fr\/virtueller-tag-der-offenen-tuer-am-14-maerz\/\" class=\"gdlr-button with-border excerpt-read-more\">En savoir plus<\/a><\/p>\n","protected":false},"author":2,"featured_media":13116,"comment_status":"closed","ping_status":"open","sticky":false,"template":"","format":"standard","meta":{"_EventAllDay":false,"_EventTimezone":"","_EventStartDate":"","_EventEndDate":"","_EventStartDateUTC":"","_EventEndDateUTC":"","_EventShowMap":false,"_EventShowMapLink":false,"_EventURL":"","_EventCost":"","_EventCostDescription":"","_EventCurrencySymbol":"","_EventCurrencyCode":"","_EventCurrencyPosition":"","_EventDateTimeSeparator":"","_EventTimeRangeSeparator":"","_EventOrganizerID":[],"_EventVenueID":[],"_OrganizerEmail":"","_OrganizerPhone":"","_OrganizerWebsite":"","_VenueAddress":"","_VenueCity":"","_VenueCountry":"","_VenueProvince":"","_VenueState":"","_VenueZip":"","_VenuePhone":"","_VenueURL":"","_VenueStateProvince":"","_VenueLat":"","_VenueLng":"","_VenueShowMap":false,"_VenueShowMapLink":false,"iawp_total_views":2,"footnotes":""},"categories":[76,51,49,75],"tags":[],"class_list":["post-13118","post","type-post","status-publish","format-standard","has-post-thumbnail","hentry","category-annee-scolaire-2022-23","category-dst-fr","category-ecole-elementaire","category-schuljahr-2022-23-fr"],"yoast_head":"<!-- This site is optimized with the Yoast SEO plugin v27.3 - https:\/\/yoast.com\/product\/yoast-seo-wordpress\/ -->\n<title>Ecole El\u00e9mentaire : Une soir\u00e9e virtuelle d&#039;informations le 14 mars - Deutsche Schule Toulouse: Exzellente Deutsche Auslandsschule mit Kindergarten, Grundschule und weiterf&uuml;hrender Schule<\/title>\n<meta name=\"robots\" content=\"index, follow, max-snippet:-1, max-image-preview:large, max-video-preview:-1\" \/>\n<link rel=\"canonical\" href=\"https:\/\/dstoulouse.com\/fr\/virtueller-tag-der-offenen-tuer-am-14-maerz\/\" \/>\n<meta property=\"og:locale\" content=\"fr_FR\" \/>\n<meta property=\"og:type\" content=\"article\" \/>\n<meta property=\"og:title\" content=\"Ecole El\u00e9mentaire : Une soir\u00e9e virtuelle d&#039;informations le 14 mars - Deutsche Schule Toulouse: Exzellente Deutsche Auslandsschule mit Kindergarten, Grundschule und weiterf&uuml;hrender Schule\" \/>\n<meta property=\"og:description\" content=\"D\u00e9couvrez notre Ecole El\u00e9mentaire lors d&rsquo;une soir\u00e9e d&rsquo;information virtuelle le 14 mars \u00e0 19 heures. Doris Weinmann, Directrice de l&rsquo;Ecole El\u00e9mentaire, vous renseignera et \u00e9changera avec vous sur les avantages... En savoir plus\" \/>\n<meta property=\"og:url\" content=\"https:\/\/dstoulouse.com\/fr\/virtueller-tag-der-offenen-tuer-am-14-maerz\/\" \/>\n<meta property=\"og:site_name\" content=\"Deutsche Schule Toulouse: Exzellente Deutsche Auslandsschule mit Kindergarten, Grundschule und weiterf&uuml;hrender Schule\" \/>\n<meta property=\"article:published_time\" content=\"2023-03-06T09:56:20+00:00\" \/>\n<meta property=\"article:modified_time\" content=\"2023-03-06T10:08:12+00:00\" \/>\n<meta property=\"og:image\" content=\"https:\/\/dstoulouse.com\/wp-content\/uploads\/dst_virtueller_tag_der_offenen_tuer_2023.jpg\" \/>\n\t<meta property=\"og:image:width\" content=\"750\" \/>\n\t<meta property=\"og:image:height\" content=\"330\" \/>\n\t<meta property=\"og:image:type\" content=\"image\/jpeg\" \/>\n<meta name=\"author\" content=\"Nicole KN\u00dcPPEL\" \/>\n<meta name=\"twitter:card\" content=\"summary_large_image\" \/>\n<meta name=\"twitter:label1\" content=\"\u00c9crit par\" \/>\n\t<meta name=\"twitter:data1\" content=\"Nicole KN\u00dcPPEL\" \/>\n\t<meta name=\"twitter:label2\" content=\"Dur\u00e9e de lecture estim\u00e9e\" \/>\n\t<meta name=\"twitter:data2\" content=\"1 minute\" \/>\n<script type=\"application\/ld+json\" class=\"yoast-schema-graph\">{\"@context\":\"https:\\\/\\\/schema.org\",\"@graph\":[{\"@type\":\"Article\",\"@id\":\"https:\\\/\\\/dstoulouse.com\\\/fr\\\/virtueller-tag-der-offenen-tuer-am-14-maerz\\\/#article\",\"isPartOf\":{\"@id\":\"https:\\\/\\\/dstoulouse.com\\\/fr\\\/virtueller-tag-der-offenen-tuer-am-14-maerz\\\/\"},\"author\":{\"name\":\"Nicole KN\u00dcPPEL\",\"@id\":\"https:\\\/\\\/dstoulouse.com\\\/#\\\/schema\\\/person\\\/0b48fa4e25c55048d6e0bb98b1696975\"},\"headline\":\"Ecole El\u00e9mentaire : Une soir\u00e9e virtuelle d&rsquo;informations le 14 mars\",\"datePublished\":\"2023-03-06T09:56:20+00:00\",\"dateModified\":\"2023-03-06T10:08:12+00:00\",\"mainEntityOfPage\":{\"@id\":\"https:\\\/\\\/dstoulouse.com\\\/fr\\\/virtueller-tag-der-offenen-tuer-am-14-maerz\\\/\"},\"wordCount\":76,\"publisher\":{\"@id\":\"https:\\\/\\\/dstoulouse.com\\\/#organization\"},\"image\":{\"@id\":\"https:\\\/\\\/dstoulouse.com\\\/fr\\\/virtueller-tag-der-offenen-tuer-am-14-maerz\\\/#primaryimage\"},\"thumbnailUrl\":\"https:\\\/\\\/dstoulouse.com\\\/wp-content\\\/uploads\\\/dst_virtueller_tag_der_offenen_tuer_2023.jpg\",\"articleSection\":[\"Ann\u00e9e scolaire 2022\\\/23\",\"DST\",\"\u00c9cole \u00e9l\u00e9mentaire\",\"Schuljahr 2022\\\/23\"],\"inLanguage\":\"fr-FR\"},{\"@type\":\"WebPage\",\"@id\":\"https:\\\/\\\/dstoulouse.com\\\/fr\\\/virtueller-tag-der-offenen-tuer-am-14-maerz\\\/\",\"url\":\"https:\\\/\\\/dstoulouse.com\\\/fr\\\/virtueller-tag-der-offenen-tuer-am-14-maerz\\\/\",\"name\":\"Ecole El\u00e9mentaire : Une soir\u00e9e virtuelle d'informations le 14 mars - Deutsche Schule Toulouse: Exzellente Deutsche Auslandsschule mit Kindergarten, Grundschule und weiterf&uuml;hrender Schule\",\"isPartOf\":{\"@id\":\"https:\\\/\\\/dstoulouse.com\\\/#website\"},\"primaryImageOfPage\":{\"@id\":\"https:\\\/\\\/dstoulouse.com\\\/fr\\\/virtueller-tag-der-offenen-tuer-am-14-maerz\\\/#primaryimage\"},\"image\":{\"@id\":\"https:\\\/\\\/dstoulouse.com\\\/fr\\\/virtueller-tag-der-offenen-tuer-am-14-maerz\\\/#primaryimage\"},\"thumbnailUrl\":\"https:\\\/\\\/dstoulouse.com\\\/wp-content\\\/uploads\\\/dst_virtueller_tag_der_offenen_tuer_2023.jpg\",\"datePublished\":\"2023-03-06T09:56:20+00:00\",\"dateModified\":\"2023-03-06T10:08:12+00:00\",\"breadcrumb\":{\"@id\":\"https:\\\/\\\/dstoulouse.com\\\/fr\\\/virtueller-tag-der-offenen-tuer-am-14-maerz\\\/#breadcrumb\"},\"inLanguage\":\"fr-FR\",\"potentialAction\":[{\"@type\":\"ReadAction\",\"target\":[\"https:\\\/\\\/dstoulouse.com\\\/fr\\\/virtueller-tag-der-offenen-tuer-am-14-maerz\\\/\"]}]},{\"@type\":\"ImageObject\",\"inLanguage\":\"fr-FR\",\"@id\":\"https:\\\/\\\/dstoulouse.com\\\/fr\\\/virtueller-tag-der-offenen-tuer-am-14-maerz\\\/#primaryimage\",\"url\":\"https:\\\/\\\/dstoulouse.com\\\/wp-content\\\/uploads\\\/dst_virtueller_tag_der_offenen_tuer_2023.jpg\",\"contentUrl\":\"https:\\\/\\\/dstoulouse.com\\\/wp-content\\\/uploads\\\/dst_virtueller_tag_der_offenen_tuer_2023.jpg\",\"width\":750,\"height\":330,\"caption\":\"Deutsche Schule Toulouse, Virtueller Tag der offenen T\u00fcr\"},{\"@type\":\"BreadcrumbList\",\"@id\":\"https:\\\/\\\/dstoulouse.com\\\/fr\\\/virtueller-tag-der-offenen-tuer-am-14-maerz\\\/#breadcrumb\",\"itemListElement\":[{\"@type\":\"ListItem\",\"position\":1,\"name\":\"Startseite\",\"item\":\"https:\\\/\\\/dstoulouse.com\\\/fr\\\/\"},{\"@type\":\"ListItem\",\"position\":2,\"name\":\"Ecole El\u00e9mentaire : Une soir\u00e9e virtuelle d&#8217;informations le 14 mars\"}]},{\"@type\":\"WebSite\",\"@id\":\"https:\\\/\\\/dstoulouse.com\\\/#website\",\"url\":\"https:\\\/\\\/dstoulouse.com\\\/\",\"name\":\"Deutsche Schule Toulouse: Exzellente Deutsche Auslandsschule mit Kindergarten, Grundschule und weiterf&uuml;hrender Schule\",\"description\":\"Wir bilden das Europa von morgen\",\"publisher\":{\"@id\":\"https:\\\/\\\/dstoulouse.com\\\/#organization\"},\"potentialAction\":[{\"@type\":\"SearchAction\",\"target\":{\"@type\":\"EntryPoint\",\"urlTemplate\":\"https:\\\/\\\/dstoulouse.com\\\/?s={search_term_string}\"},\"query-input\":{\"@type\":\"PropertyValueSpecification\",\"valueRequired\":true,\"valueName\":\"search_term_string\"}}],\"inLanguage\":\"fr-FR\"},{\"@type\":\"Organization\",\"@id\":\"https:\\\/\\\/dstoulouse.com\\\/#organization\",\"name\":\"Deutsche Schule Toulouse\",\"url\":\"https:\\\/\\\/dstoulouse.com\\\/\",\"logo\":{\"@type\":\"ImageObject\",\"inLanguage\":\"fr-FR\",\"@id\":\"https:\\\/\\\/dstoulouse.com\\\/#\\\/schema\\\/logo\\\/image\\\/\",\"url\":\"https:\\\/\\\/dstoulouse.com\\\/wp-content\\\/uploads\\\/dst-logo.jpg\",\"contentUrl\":\"https:\\\/\\\/dstoulouse.com\\\/wp-content\\\/uploads\\\/dst-logo.jpg\",\"width\":149,\"height\":107,\"caption\":\"Deutsche Schule Toulouse\"},\"image\":{\"@id\":\"https:\\\/\\\/dstoulouse.com\\\/#\\\/schema\\\/logo\\\/image\\\/\"}},{\"@type\":\"Person\",\"@id\":\"https:\\\/\\\/dstoulouse.com\\\/#\\\/schema\\\/person\\\/0b48fa4e25c55048d6e0bb98b1696975\",\"name\":\"Nicole KN\u00dcPPEL\"}]}<\/script>\n<!-- \/ Yoast SEO plugin. -->","yoast_head_json":{"title":"Ecole El\u00e9mentaire : Une soir\u00e9e virtuelle d'informations le 14 mars - Deutsche Schule Toulouse: Exzellente Deutsche Auslandsschule mit Kindergarten, Grundschule und weiterf&uuml;hrender Schule","robots":{"index":"index","follow":"follow","max-snippet":"max-snippet:-1","max-image-preview":"max-image-preview:large","max-video-preview":"max-video-preview:-1"},"canonical":"https:\/\/dstoulouse.com\/fr\/virtueller-tag-der-offenen-tuer-am-14-maerz\/","og_locale":"fr_FR","og_type":"article","og_title":"Ecole El\u00e9mentaire : Une soir\u00e9e virtuelle d'informations le 14 mars - Deutsche Schule Toulouse: Exzellente Deutsche Auslandsschule mit Kindergarten, Grundschule und weiterf&uuml;hrender Schule","og_description":"D\u00e9couvrez notre Ecole El\u00e9mentaire lors d&rsquo;une soir\u00e9e d&rsquo;information virtuelle le 14 mars \u00e0 19 heures. Doris Weinmann, Directrice de l&rsquo;Ecole El\u00e9mentaire, vous renseignera et \u00e9changera avec vous sur les avantages... En savoir plus","og_url":"https:\/\/dstoulouse.com\/fr\/virtueller-tag-der-offenen-tuer-am-14-maerz\/","og_site_name":"Deutsche Schule Toulouse: Exzellente Deutsche Auslandsschule mit Kindergarten, Grundschule und weiterf&uuml;hrender Schule","article_published_time":"2023-03-06T09:56:20+00:00","article_modified_time":"2023-03-06T10:08:12+00:00","og_image":[{"width":750,"height":330,"url":"https:\/\/dstoulouse.com\/wp-content\/uploads\/dst_virtueller_tag_der_offenen_tuer_2023.jpg","type":"image\/jpeg"}],"author":"Nicole KN\u00dcPPEL","twitter_card":"summary_large_image","twitter_misc":{"\u00c9crit par":"Nicole KN\u00dcPPEL","Dur\u00e9e de lecture estim\u00e9e":"1 minute"},"schema":{"@context":"https:\/\/schema.org","@graph":[{"@type":"Article","@id":"https:\/\/dstoulouse.com\/fr\/virtueller-tag-der-offenen-tuer-am-14-maerz\/#article","isPartOf":{"@id":"https:\/\/dstoulouse.com\/fr\/virtueller-tag-der-offenen-tuer-am-14-maerz\/"},"author":{"name":"Nicole KN\u00dcPPEL","@id":"https:\/\/dstoulouse.com\/#\/schema\/person\/0b48fa4e25c55048d6e0bb98b1696975"},"headline":"Ecole El\u00e9mentaire : Une soir\u00e9e virtuelle d&rsquo;informations le 14 mars","datePublished":"2023-03-06T09:56:20+00:00","dateModified":"2023-03-06T10:08:12+00:00","mainEntityOfPage":{"@id":"https:\/\/dstoulouse.com\/fr\/virtueller-tag-der-offenen-tuer-am-14-maerz\/"},"wordCount":76,"publisher":{"@id":"https:\/\/dstoulouse.com\/#organization"},"image":{"@id":"https:\/\/dstoulouse.com\/fr\/virtueller-tag-der-offenen-tuer-am-14-maerz\/#primaryimage"},"thumbnailUrl":"https:\/\/dstoulouse.com\/wp-content\/uploads\/dst_virtueller_tag_der_offenen_tuer_2023.jpg","articleSection":["Ann\u00e9e scolaire 2022\/23","DST","\u00c9cole \u00e9l\u00e9mentaire","Schuljahr 2022\/23"],"inLanguage":"fr-FR"},{"@type":"WebPage","@id":"https:\/\/dstoulouse.com\/fr\/virtueller-tag-der-offenen-tuer-am-14-maerz\/","url":"https:\/\/dstoulouse.com\/fr\/virtueller-tag-der-offenen-tuer-am-14-maerz\/","name":"Ecole El\u00e9mentaire : Une soir\u00e9e virtuelle d'informations le 14 mars - Deutsche Schule Toulouse: Exzellente Deutsche Auslandsschule mit Kindergarten, Grundschule und weiterf&uuml;hrender Schule","isPartOf":{"@id":"https:\/\/dstoulouse.com\/#website"},"primaryImageOfPage":{"@id":"https:\/\/dstoulouse.com\/fr\/virtueller-tag-der-offenen-tuer-am-14-maerz\/#primaryimage"},"image":{"@id":"https:\/\/dstoulouse.com\/fr\/virtueller-tag-der-offenen-tuer-am-14-maerz\/#primaryimage"},"thumbnailUrl":"https:\/\/dstoulouse.com\/wp-content\/uploads\/dst_virtueller_tag_der_offenen_tuer_2023.jpg","datePublished":"2023-03-06T09:56:20+00:00","dateModified":"2023-03-06T10:08:12+00:00","breadcrumb":{"@id":"https:\/\/dstoulouse.com\/fr\/virtueller-tag-der-offenen-tuer-am-14-maerz\/#breadcrumb"},"inLanguage":"fr-FR","potentialAction":[{"@type":"ReadAction","target":["https:\/\/dstoulouse.com\/fr\/virtueller-tag-der-offenen-tuer-am-14-maerz\/"]}]},{"@type":"ImageObject","inLanguage":"fr-FR","@id":"https:\/\/dstoulouse.com\/fr\/virtueller-tag-der-offenen-tuer-am-14-maerz\/#primaryimage","url":"https:\/\/dstoulouse.com\/wp-content\/uploads\/dst_virtueller_tag_der_offenen_tuer_2023.jpg","contentUrl":"https:\/\/dstoulouse.com\/wp-content\/uploads\/dst_virtueller_tag_der_offenen_tuer_2023.jpg","width":750,"height":330,"caption":"Deutsche Schule Toulouse, Virtueller Tag der offenen T\u00fcr"},{"@type":"BreadcrumbList","@id":"https:\/\/dstoulouse.com\/fr\/virtueller-tag-der-offenen-tuer-am-14-maerz\/#breadcrumb","itemListElement":[{"@type":"ListItem","position":1,"name":"Startseite","item":"https:\/\/dstoulouse.com\/fr\/"},{"@type":"ListItem","position":2,"name":"Ecole El\u00e9mentaire : Une soir\u00e9e virtuelle d&#8217;informations le 14 mars"}]},{"@type":"WebSite","@id":"https:\/\/dstoulouse.com\/#website","url":"https:\/\/dstoulouse.com\/","name":"Deutsche Schule Toulouse: Exzellente Deutsche Auslandsschule mit Kindergarten, Grundschule und weiterf&uuml;hrender Schule","description":"Wir bilden das Europa von morgen","publisher":{"@id":"https:\/\/dstoulouse.com\/#organization"},"potentialAction":[{"@type":"SearchAction","target":{"@type":"EntryPoint","urlTemplate":"https:\/\/dstoulouse.com\/?s={search_term_string}"},"query-input":{"@type":"PropertyValueSpecification","valueRequired":true,"valueName":"search_term_string"}}],"inLanguage":"fr-FR"},{"@type":"Organization","@id":"https:\/\/dstoulouse.com\/#organization","name":"Deutsche Schule Toulouse","url":"https:\/\/dstoulouse.com\/","logo":{"@type":"ImageObject","inLanguage":"fr-FR","@id":"https:\/\/dstoulouse.com\/#\/schema\/logo\/image\/","url":"https:\/\/dstoulouse.com\/wp-content\/uploads\/dst-logo.jpg","contentUrl":"https:\/\/dstoulouse.com\/wp-content\/uploads\/dst-logo.jpg","width":149,"height":107,"caption":"Deutsche Schule Toulouse"},"image":{"@id":"https:\/\/dstoulouse.com\/#\/schema\/logo\/image\/"}},{"@type":"Person","@id":"https:\/\/dstoulouse.com\/#\/schema\/person\/0b48fa4e25c55048d6e0bb98b1696975","name":"Nicole KN\u00dcPPEL"}]}},"_links":{"self":[{"href":"https:\/\/dstoulouse.com\/fr\/wp-json\/wp\/v2\/posts\/13118","targetHints":{"allow":["GET"]}}],"collection":[{"href":"https:\/\/dstoulouse.com\/fr\/wp-json\/wp\/v2\/posts"}],"about":[{"href":"https:\/\/dstoulouse.com\/fr\/wp-json\/wp\/v2\/types\/post"}],"author":[{"embeddable":true,"href":"https:\/\/dstoulouse.com\/fr\/wp-json\/wp\/v2\/users\/2"}],"replies":[{"embeddable":true,"href":"https:\/\/dstoulouse.com\/fr\/wp-json\/wp\/v2\/comments?post=13118"}],"version-history":[{"count":0,"href":"https:\/\/dstoulouse.com\/fr\/wp-json\/wp\/v2\/posts\/13118\/revisions"}],"wp:featuredmedia":[{"embeddable":true,"href":"https:\/\/dstoulouse.com\/fr\/wp-json\/wp\/v2\/media\/13116"}],"wp:attachment":[{"href":"https:\/\/dstoulouse.com\/fr\/wp-json\/wp\/v2\/media?parent=13118"}],"wp:term":[{"taxonomy":"category","embeddable":true,"href":"https:\/\/dstoulouse.com\/fr\/wp-json\/wp\/v2\/categories?post=13118"},{"taxonomy":"post_tag","embeddable":true,"href":"https:\/\/dstoulouse.com\/fr\/wp-json\/wp\/v2\/tags?post=13118"}],"curies":[{"name":"wp","href":"https:\/\/api.w.org\/{rel}","templated":true}]}}