{"id":16483,"date":"2023-10-16T15:50:59","date_gmt":"2023-10-16T13:50:59","guid":{"rendered":"https:\/\/dstoulouse.com\/ein-gelungenes-schulfest\/"},"modified":"2023-11-13T15:42:21","modified_gmt":"2023-11-13T14:42:21","slug":"une-fete-de-l-ecole-reussie","status":"publish","type":"post","link":"https:\/\/dstoulouse.com\/fr\/une-fete-de-l-ecole-reussie\/","title":{"rendered":"Une f\u00eate de l&rsquo;Ecole r\u00eaussie &#8211; 50 ans Ecole Allemande de Toulouse"},"content":{"rendered":"\n<p>Sous un soleil toulousain radieux, nous avons pu assister \u00e0 une f\u00eate de l&rsquo;Ecole digne des 50 ans de l&rsquo;Ecole. Il y avaient des animations \u00e0 gogo pour tous les go\u00fbts, comme des courses en sac, des comp\u00e9titions sportives, un photobooth, un simulateur en r\u00e9alit\u00e9 virtuelle et une \u00ab fabrique \u00bb de bulles \u00e0 savon sans oublier les g\u00e2teaux faits maison par les parents. La sc\u00e8ne n&rsquo;a pas d\u00e9sempli et a vu se produire, e.a., des groupes de musique du coll\u00e8ge et du lyc\u00e9e ainsi que la chorale de l&rsquo;Ecole El\u00e9mentaire. Un DJ et le foodcourt ont permis de terminer la journ\u00e9e en beaut\u00e9. <\/p>\n\n\n\n<p>Un grand merci \u00e0 toutes et tous qui ont \u0153uvr\u00e9 avec enthousiasme, cr\u00e9ativit\u00e9 et engagement pendant des semaines, pour nous offrir ce bel \u00e9v\u00e8nement.<\/p>\n\n\n\n<p>Voir la galerie photo: <a href=\"https:\/\/dstoulouse.com\/50-jahre-dst-jubilaeumsfeiern\/#50\">La f\u00eate de l&rsquo;\u00e9cole en images<\/a><\/p>\n\n\n\n<figure class=\"wp-block-gallery has-nested-images columns-default is-cropped wp-block-gallery-1 is-layout-flex wp-block-gallery-is-layout-flex\">\n<figure class=\"wp-block-image size-large\"><img loading=\"lazy\" decoding=\"async\" width=\"750\" height=\"500\" data-id=\"16137\" src=\"https:\/\/dstoulouse.com\/wp-content\/uploads\/dst_50jahre_schulfest-61.jpg\" alt=\"Deutsche Schule Toulouse, Schulfest 50 Jahre DST\" class=\"wp-image-16137\" srcset=\"https:\/\/dstoulouse.com\/wp-content\/uploads\/dst_50jahre_schulfest-61.jpg 750w, https:\/\/dstoulouse.com\/wp-content\/uploads\/dst_50jahre_schulfest-61-300x200.jpg 300w\" sizes=\"auto, (max-width: 750px) 100vw, 750px\" \/><\/figure>\n\n\n\n<figure class=\"wp-block-image size-full\"><img loading=\"lazy\" decoding=\"async\" width=\"750\" height=\"500\" data-id=\"16170\" src=\"https:\/\/dstoulouse.com\/wp-content\/uploads\/dst_50jahre_schulfest-90.jpg\" alt=\"Deutsche Schule Toulouse, Schulfest 50 Jahre DST\" class=\"wp-image-16170\" srcset=\"https:\/\/dstoulouse.com\/wp-content\/uploads\/dst_50jahre_schulfest-90.jpg 750w, https:\/\/dstoulouse.com\/wp-content\/uploads\/dst_50jahre_schulfest-90-300x200.jpg 300w\" sizes=\"auto, (max-width: 750px) 100vw, 750px\" \/><\/figure>\n\n\n\n<figure class=\"wp-block-image size-large\"><img loading=\"lazy\" decoding=\"async\" width=\"750\" height=\"563\" data-id=\"16050\" src=\"https:\/\/dstoulouse.com\/wp-content\/uploads\/dst_50jahre_schulfest-23.jpg\" alt=\"Deutsche Schule Toulouse, Schulfest 50 Jahre DST\" class=\"wp-image-16050\" srcset=\"https:\/\/dstoulouse.com\/wp-content\/uploads\/dst_50jahre_schulfest-23.jpg 750w, https:\/\/dstoulouse.com\/wp-content\/uploads\/dst_50jahre_schulfest-23-300x225.jpg 300w, https:\/\/dstoulouse.com\/wp-content\/uploads\/dst_50jahre_schulfest-23-400x300.jpg 400w\" sizes=\"auto, (max-width: 750px) 100vw, 750px\" \/><\/figure>\n\n\n\n<figure class=\"wp-block-image size-large\"><img loading=\"lazy\" decoding=\"async\" width=\"750\" height=\"563\" data-id=\"16044\" src=\"https:\/\/dstoulouse.com\/wp-content\/uploads\/dst_50jahre_schulfest-18.jpg\" alt=\"Deutsche Schule Toulouse, Schulfest 50 Jahre DST\" class=\"wp-image-16044\" srcset=\"https:\/\/dstoulouse.com\/wp-content\/uploads\/dst_50jahre_schulfest-18.jpg 750w, https:\/\/dstoulouse.com\/wp-content\/uploads\/dst_50jahre_schulfest-18-300x225.jpg 300w, https:\/\/dstoulouse.com\/wp-content\/uploads\/dst_50jahre_schulfest-18-400x300.jpg 400w\" sizes=\"auto, (max-width: 750px) 100vw, 750px\" \/><\/figure>\n\n\n\n<figure class=\"wp-block-image size-large\"><img loading=\"lazy\" decoding=\"async\" width=\"750\" height=\"563\" data-id=\"16056\" src=\"https:\/\/dstoulouse.com\/wp-content\/uploads\/dst_50jahre_schulfest-25.jpg\" alt=\"Deutsche Schule Toulouse, Schulfest 50 Jahre DST\" class=\"wp-image-16056\" srcset=\"https:\/\/dstoulouse.com\/wp-content\/uploads\/dst_50jahre_schulfest-25.jpg 750w, https:\/\/dstoulouse.com\/wp-content\/uploads\/dst_50jahre_schulfest-25-300x225.jpg 300w, https:\/\/dstoulouse.com\/wp-content\/uploads\/dst_50jahre_schulfest-25-400x300.jpg 400w\" sizes=\"auto, (max-width: 750px) 100vw, 750px\" \/><\/figure>\n\n\n\n<figure class=\"wp-block-image size-large\"><img loading=\"lazy\" decoding=\"async\" width=\"750\" height=\"500\" data-id=\"16125\" src=\"https:\/\/dstoulouse.com\/wp-content\/uploads\/dst_50jahre_schulfest-56.jpg\" alt=\"Deutsche Schule Toulouse, Schulfest 50 Jahre DST\" class=\"wp-image-16125\" srcset=\"https:\/\/dstoulouse.com\/wp-content\/uploads\/dst_50jahre_schulfest-56.jpg 750w, https:\/\/dstoulouse.com\/wp-content\/uploads\/dst_50jahre_schulfest-56-300x200.jpg 300w\" sizes=\"auto, (max-width: 750px) 100vw, 750px\" \/><\/figure>\n<\/figure>\n","protected":false},"excerpt":{"rendered":"<p>Sous un soleil toulousain radieux, nous avons pu assister \u00e0 une f\u00eate de l&rsquo;Ecole digne des 50 ans de l&rsquo;Ecole. Il y avaient des animations \u00e0 gogo pour tous les&#8230; <\/p>\n<div class=\"clear\"><\/div>\n<p><a href=\"https:\/\/dstoulouse.com\/fr\/une-fete-de-l-ecole-reussie\/\" class=\"gdlr-button with-border excerpt-read-more\">En savoir plus<\/a><\/p>\n","protected":false},"author":2,"featured_media":16289,"comment_status":"closed","ping_status":"open","sticky":false,"template":"","format":"standard","meta":{"_EventAllDay":false,"_EventTimezone":"","_EventStartDate":"","_EventEndDate":"","_EventStartDateUTC":"","_EventEndDateUTC":"","_EventShowMap":false,"_EventShowMapLink":false,"_EventURL":"","_EventCost":"","_EventCostDescription":"","_EventCurrencySymbol":"","_EventCurrencyCode":"","_EventCurrencyPosition":"","_EventDateTimeSeparator":"","_EventTimeRangeSeparator":"","_EventOrganizerID":[],"_EventVenueID":[],"_OrganizerEmail":"","_OrganizerPhone":"","_OrganizerWebsite":"","_VenueAddress":"","_VenueCity":"","_VenueCountry":"","_VenueProvince":"","_VenueState":"","_VenueZip":"","_VenuePhone":"","_VenueURL":"","_VenueStateProvince":"","_VenueLat":"","_VenueLng":"","_VenueShowMap":false,"_VenueShowMapLink":false,"iawp_total_views":10,"footnotes":""},"categories":[105,45,103],"tags":[],"class_list":["post-16483","post","type-post","status-publish","format-standard","has-post-thumbnail","hentry","category-annee-scolaire-2023-24","category-la-vie-a-lecole","category-schuljahr-2023-24-fr"],"yoast_head":"<!-- This site is optimized with the Yoast SEO plugin v27.3 - https:\/\/yoast.com\/product\/yoast-seo-wordpress\/ -->\n<title>Une f\u00eate de l&#039;Ecole r\u00eaussie - 50 ans Ecole Allemande de Toulouse - Deutsche Schule Toulouse: Exzellente Deutsche Auslandsschule mit Kindergarten, Grundschule und weiterf&uuml;hrender Schule<\/title>\n<meta name=\"robots\" content=\"index, follow, max-snippet:-1, max-image-preview:large, max-video-preview:-1\" \/>\n<link rel=\"canonical\" href=\"https:\/\/dstoulouse.com\/fr\/une-fete-de-l-ecole-reussie\/\" \/>\n<meta property=\"og:locale\" content=\"fr_FR\" \/>\n<meta property=\"og:type\" content=\"article\" \/>\n<meta property=\"og:title\" content=\"Une f\u00eate de l&#039;Ecole r\u00eaussie - 50 ans Ecole Allemande de Toulouse - Deutsche Schule Toulouse: Exzellente Deutsche Auslandsschule mit Kindergarten, Grundschule und weiterf&uuml;hrender Schule\" \/>\n<meta property=\"og:description\" content=\"Sous un soleil toulousain radieux, nous avons pu assister \u00e0 une f\u00eate de l&rsquo;Ecole digne des 50 ans de l&rsquo;Ecole. Il y avaient des animations \u00e0 gogo pour tous les... En savoir plus\" \/>\n<meta property=\"og:url\" content=\"https:\/\/dstoulouse.com\/fr\/une-fete-de-l-ecole-reussie\/\" \/>\n<meta property=\"og:site_name\" content=\"Deutsche Schule Toulouse: Exzellente Deutsche Auslandsschule mit Kindergarten, Grundschule und weiterf&uuml;hrender Schule\" \/>\n<meta property=\"article:published_time\" content=\"2023-10-16T13:50:59+00:00\" \/>\n<meta property=\"article:modified_time\" content=\"2023-11-13T14:42:21+00:00\" \/>\n<meta property=\"og:image\" content=\"https:\/\/dstoulouse.com\/wp-content\/uploads\/dst_50jahre_schulfest-titel36.jpg\" \/>\n\t<meta property=\"og:image:width\" content=\"750\" \/>\n\t<meta property=\"og:image:height\" content=\"330\" \/>\n\t<meta property=\"og:image:type\" content=\"image\/jpeg\" \/>\n<meta name=\"author\" content=\"Nicole KN\u00dcPPEL\" \/>\n<meta name=\"twitter:card\" content=\"summary_large_image\" \/>\n<meta name=\"twitter:label1\" content=\"\u00c9crit par\" \/>\n\t<meta name=\"twitter:data1\" content=\"Nicole KN\u00dcPPEL\" \/>\n\t<meta name=\"twitter:label2\" content=\"Dur\u00e9e de lecture estim\u00e9e\" \/>\n\t<meta name=\"twitter:data2\" content=\"2 minutes\" \/>\n<script type=\"application\/ld+json\" class=\"yoast-schema-graph\">{\"@context\":\"https:\\\/\\\/schema.org\",\"@graph\":[{\"@type\":\"Article\",\"@id\":\"https:\\\/\\\/dstoulouse.com\\\/fr\\\/une-fete-de-l-ecole-reussie\\\/#article\",\"isPartOf\":{\"@id\":\"https:\\\/\\\/dstoulouse.com\\\/fr\\\/une-fete-de-l-ecole-reussie\\\/\"},\"author\":{\"name\":\"Nicole KN\u00dcPPEL\",\"@id\":\"https:\\\/\\\/dstoulouse.com\\\/#\\\/schema\\\/person\\\/0b48fa4e25c55048d6e0bb98b1696975\"},\"headline\":\"Une f\u00eate de l&rsquo;Ecole r\u00eaussie &#8211; 50 ans Ecole Allemande de Toulouse\",\"datePublished\":\"2023-10-16T13:50:59+00:00\",\"dateModified\":\"2023-11-13T14:42:21+00:00\",\"mainEntityOfPage\":{\"@id\":\"https:\\\/\\\/dstoulouse.com\\\/fr\\\/une-fete-de-l-ecole-reussie\\\/\"},\"wordCount\":165,\"publisher\":{\"@id\":\"https:\\\/\\\/dstoulouse.com\\\/#organization\"},\"image\":{\"@id\":\"https:\\\/\\\/dstoulouse.com\\\/fr\\\/une-fete-de-l-ecole-reussie\\\/#primaryimage\"},\"thumbnailUrl\":\"https:\\\/\\\/dstoulouse.com\\\/wp-content\\\/uploads\\\/dst_50jahre_schulfest-titel36.jpg\",\"articleSection\":[\"Ann\u00e9e scolaire 2023\\\/24\",\"La vie \u00e0 l\u2019\u00e9cole\",\"Schuljahr 2023\\\/24\"],\"inLanguage\":\"fr-FR\"},{\"@type\":\"WebPage\",\"@id\":\"https:\\\/\\\/dstoulouse.com\\\/fr\\\/une-fete-de-l-ecole-reussie\\\/\",\"url\":\"https:\\\/\\\/dstoulouse.com\\\/fr\\\/une-fete-de-l-ecole-reussie\\\/\",\"name\":\"Une f\u00eate de l'Ecole r\u00eaussie - 50 ans Ecole Allemande de Toulouse - Deutsche Schule Toulouse: Exzellente Deutsche Auslandsschule mit Kindergarten, Grundschule und weiterf&uuml;hrender Schule\",\"isPartOf\":{\"@id\":\"https:\\\/\\\/dstoulouse.com\\\/#website\"},\"primaryImageOfPage\":{\"@id\":\"https:\\\/\\\/dstoulouse.com\\\/fr\\\/une-fete-de-l-ecole-reussie\\\/#primaryimage\"},\"image\":{\"@id\":\"https:\\\/\\\/dstoulouse.com\\\/fr\\\/une-fete-de-l-ecole-reussie\\\/#primaryimage\"},\"thumbnailUrl\":\"https:\\\/\\\/dstoulouse.com\\\/wp-content\\\/uploads\\\/dst_50jahre_schulfest-titel36.jpg\",\"datePublished\":\"2023-10-16T13:50:59+00:00\",\"dateModified\":\"2023-11-13T14:42:21+00:00\",\"breadcrumb\":{\"@id\":\"https:\\\/\\\/dstoulouse.com\\\/fr\\\/une-fete-de-l-ecole-reussie\\\/#breadcrumb\"},\"inLanguage\":\"fr-FR\",\"potentialAction\":[{\"@type\":\"ReadAction\",\"target\":[\"https:\\\/\\\/dstoulouse.com\\\/fr\\\/une-fete-de-l-ecole-reussie\\\/\"]}]},{\"@type\":\"ImageObject\",\"inLanguage\":\"fr-FR\",\"@id\":\"https:\\\/\\\/dstoulouse.com\\\/fr\\\/une-fete-de-l-ecole-reussie\\\/#primaryimage\",\"url\":\"https:\\\/\\\/dstoulouse.com\\\/wp-content\\\/uploads\\\/dst_50jahre_schulfest-titel36.jpg\",\"contentUrl\":\"https:\\\/\\\/dstoulouse.com\\\/wp-content\\\/uploads\\\/dst_50jahre_schulfest-titel36.jpg\",\"width\":750,\"height\":330,\"caption\":\"Deutsche Schule Toulouse, Schulfest 50 Jahre DST\"},{\"@type\":\"BreadcrumbList\",\"@id\":\"https:\\\/\\\/dstoulouse.com\\\/fr\\\/une-fete-de-l-ecole-reussie\\\/#breadcrumb\",\"itemListElement\":[{\"@type\":\"ListItem\",\"position\":1,\"name\":\"Startseite\",\"item\":\"https:\\\/\\\/dstoulouse.com\\\/fr\\\/\"},{\"@type\":\"ListItem\",\"position\":2,\"name\":\"Une f\u00eate de l&#8217;Ecole r\u00eaussie &#8211; 50 ans Ecole Allemande de Toulouse\"}]},{\"@type\":\"WebSite\",\"@id\":\"https:\\\/\\\/dstoulouse.com\\\/#website\",\"url\":\"https:\\\/\\\/dstoulouse.com\\\/\",\"name\":\"Deutsche Schule Toulouse: Exzellente Deutsche Auslandsschule mit Kindergarten, Grundschule und weiterf&uuml;hrender Schule\",\"description\":\"Wir bilden das Europa von morgen\",\"publisher\":{\"@id\":\"https:\\\/\\\/dstoulouse.com\\\/#organization\"},\"potentialAction\":[{\"@type\":\"SearchAction\",\"target\":{\"@type\":\"EntryPoint\",\"urlTemplate\":\"https:\\\/\\\/dstoulouse.com\\\/?s={search_term_string}\"},\"query-input\":{\"@type\":\"PropertyValueSpecification\",\"valueRequired\":true,\"valueName\":\"search_term_string\"}}],\"inLanguage\":\"fr-FR\"},{\"@type\":\"Organization\",\"@id\":\"https:\\\/\\\/dstoulouse.com\\\/#organization\",\"name\":\"Deutsche Schule Toulouse\",\"url\":\"https:\\\/\\\/dstoulouse.com\\\/\",\"logo\":{\"@type\":\"ImageObject\",\"inLanguage\":\"fr-FR\",\"@id\":\"https:\\\/\\\/dstoulouse.com\\\/#\\\/schema\\\/logo\\\/image\\\/\",\"url\":\"https:\\\/\\\/dstoulouse.com\\\/wp-content\\\/uploads\\\/dst-logo.jpg\",\"contentUrl\":\"https:\\\/\\\/dstoulouse.com\\\/wp-content\\\/uploads\\\/dst-logo.jpg\",\"width\":149,\"height\":107,\"caption\":\"Deutsche Schule Toulouse\"},\"image\":{\"@id\":\"https:\\\/\\\/dstoulouse.com\\\/#\\\/schema\\\/logo\\\/image\\\/\"}},{\"@type\":\"Person\",\"@id\":\"https:\\\/\\\/dstoulouse.com\\\/#\\\/schema\\\/person\\\/0b48fa4e25c55048d6e0bb98b1696975\",\"name\":\"Nicole KN\u00dcPPEL\"}]}<\/script>\n<!-- \/ Yoast SEO plugin. -->","yoast_head_json":{"title":"Une f\u00eate de l'Ecole r\u00eaussie - 50 ans Ecole Allemande de Toulouse - Deutsche Schule Toulouse: Exzellente Deutsche Auslandsschule mit Kindergarten, Grundschule und weiterf&uuml;hrender Schule","robots":{"index":"index","follow":"follow","max-snippet":"max-snippet:-1","max-image-preview":"max-image-preview:large","max-video-preview":"max-video-preview:-1"},"canonical":"https:\/\/dstoulouse.com\/fr\/une-fete-de-l-ecole-reussie\/","og_locale":"fr_FR","og_type":"article","og_title":"Une f\u00eate de l'Ecole r\u00eaussie - 50 ans Ecole Allemande de Toulouse - Deutsche Schule Toulouse: Exzellente Deutsche Auslandsschule mit Kindergarten, Grundschule und weiterf&uuml;hrender Schule","og_description":"Sous un soleil toulousain radieux, nous avons pu assister \u00e0 une f\u00eate de l&rsquo;Ecole digne des 50 ans de l&rsquo;Ecole. Il y avaient des animations \u00e0 gogo pour tous les... En savoir plus","og_url":"https:\/\/dstoulouse.com\/fr\/une-fete-de-l-ecole-reussie\/","og_site_name":"Deutsche Schule Toulouse: Exzellente Deutsche Auslandsschule mit Kindergarten, Grundschule und weiterf&uuml;hrender Schule","article_published_time":"2023-10-16T13:50:59+00:00","article_modified_time":"2023-11-13T14:42:21+00:00","og_image":[{"width":750,"height":330,"url":"https:\/\/dstoulouse.com\/wp-content\/uploads\/dst_50jahre_schulfest-titel36.jpg","type":"image\/jpeg"}],"author":"Nicole KN\u00dcPPEL","twitter_card":"summary_large_image","twitter_misc":{"\u00c9crit par":"Nicole KN\u00dcPPEL","Dur\u00e9e de lecture estim\u00e9e":"2 minutes"},"schema":{"@context":"https:\/\/schema.org","@graph":[{"@type":"Article","@id":"https:\/\/dstoulouse.com\/fr\/une-fete-de-l-ecole-reussie\/#article","isPartOf":{"@id":"https:\/\/dstoulouse.com\/fr\/une-fete-de-l-ecole-reussie\/"},"author":{"name":"Nicole KN\u00dcPPEL","@id":"https:\/\/dstoulouse.com\/#\/schema\/person\/0b48fa4e25c55048d6e0bb98b1696975"},"headline":"Une f\u00eate de l&rsquo;Ecole r\u00eaussie &#8211; 50 ans Ecole Allemande de Toulouse","datePublished":"2023-10-16T13:50:59+00:00","dateModified":"2023-11-13T14:42:21+00:00","mainEntityOfPage":{"@id":"https:\/\/dstoulouse.com\/fr\/une-fete-de-l-ecole-reussie\/"},"wordCount":165,"publisher":{"@id":"https:\/\/dstoulouse.com\/#organization"},"image":{"@id":"https:\/\/dstoulouse.com\/fr\/une-fete-de-l-ecole-reussie\/#primaryimage"},"thumbnailUrl":"https:\/\/dstoulouse.com\/wp-content\/uploads\/dst_50jahre_schulfest-titel36.jpg","articleSection":["Ann\u00e9e scolaire 2023\/24","La vie \u00e0 l\u2019\u00e9cole","Schuljahr 2023\/24"],"inLanguage":"fr-FR"},{"@type":"WebPage","@id":"https:\/\/dstoulouse.com\/fr\/une-fete-de-l-ecole-reussie\/","url":"https:\/\/dstoulouse.com\/fr\/une-fete-de-l-ecole-reussie\/","name":"Une f\u00eate de l'Ecole r\u00eaussie - 50 ans Ecole Allemande de Toulouse - Deutsche Schule Toulouse: Exzellente Deutsche Auslandsschule mit Kindergarten, Grundschule und weiterf&uuml;hrender Schule","isPartOf":{"@id":"https:\/\/dstoulouse.com\/#website"},"primaryImageOfPage":{"@id":"https:\/\/dstoulouse.com\/fr\/une-fete-de-l-ecole-reussie\/#primaryimage"},"image":{"@id":"https:\/\/dstoulouse.com\/fr\/une-fete-de-l-ecole-reussie\/#primaryimage"},"thumbnailUrl":"https:\/\/dstoulouse.com\/wp-content\/uploads\/dst_50jahre_schulfest-titel36.jpg","datePublished":"2023-10-16T13:50:59+00:00","dateModified":"2023-11-13T14:42:21+00:00","breadcrumb":{"@id":"https:\/\/dstoulouse.com\/fr\/une-fete-de-l-ecole-reussie\/#breadcrumb"},"inLanguage":"fr-FR","potentialAction":[{"@type":"ReadAction","target":["https:\/\/dstoulouse.com\/fr\/une-fete-de-l-ecole-reussie\/"]}]},{"@type":"ImageObject","inLanguage":"fr-FR","@id":"https:\/\/dstoulouse.com\/fr\/une-fete-de-l-ecole-reussie\/#primaryimage","url":"https:\/\/dstoulouse.com\/wp-content\/uploads\/dst_50jahre_schulfest-titel36.jpg","contentUrl":"https:\/\/dstoulouse.com\/wp-content\/uploads\/dst_50jahre_schulfest-titel36.jpg","width":750,"height":330,"caption":"Deutsche Schule Toulouse, Schulfest 50 Jahre DST"},{"@type":"BreadcrumbList","@id":"https:\/\/dstoulouse.com\/fr\/une-fete-de-l-ecole-reussie\/#breadcrumb","itemListElement":[{"@type":"ListItem","position":1,"name":"Startseite","item":"https:\/\/dstoulouse.com\/fr\/"},{"@type":"ListItem","position":2,"name":"Une f\u00eate de l&#8217;Ecole r\u00eaussie &#8211; 50 ans Ecole Allemande de Toulouse"}]},{"@type":"WebSite","@id":"https:\/\/dstoulouse.com\/#website","url":"https:\/\/dstoulouse.com\/","name":"Deutsche Schule Toulouse: Exzellente Deutsche Auslandsschule mit Kindergarten, Grundschule und weiterf&uuml;hrender Schule","description":"Wir bilden das Europa von morgen","publisher":{"@id":"https:\/\/dstoulouse.com\/#organization"},"potentialAction":[{"@type":"SearchAction","target":{"@type":"EntryPoint","urlTemplate":"https:\/\/dstoulouse.com\/?s={search_term_string}"},"query-input":{"@type":"PropertyValueSpecification","valueRequired":true,"valueName":"search_term_string"}}],"inLanguage":"fr-FR"},{"@type":"Organization","@id":"https:\/\/dstoulouse.com\/#organization","name":"Deutsche Schule Toulouse","url":"https:\/\/dstoulouse.com\/","logo":{"@type":"ImageObject","inLanguage":"fr-FR","@id":"https:\/\/dstoulouse.com\/#\/schema\/logo\/image\/","url":"https:\/\/dstoulouse.com\/wp-content\/uploads\/dst-logo.jpg","contentUrl":"https:\/\/dstoulouse.com\/wp-content\/uploads\/dst-logo.jpg","width":149,"height":107,"caption":"Deutsche Schule Toulouse"},"image":{"@id":"https:\/\/dstoulouse.com\/#\/schema\/logo\/image\/"}},{"@type":"Person","@id":"https:\/\/dstoulouse.com\/#\/schema\/person\/0b48fa4e25c55048d6e0bb98b1696975","name":"Nicole KN\u00dcPPEL"}]}},"_links":{"self":[{"href":"https:\/\/dstoulouse.com\/fr\/wp-json\/wp\/v2\/posts\/16483","targetHints":{"allow":["GET"]}}],"collection":[{"href":"https:\/\/dstoulouse.com\/fr\/wp-json\/wp\/v2\/posts"}],"about":[{"href":"https:\/\/dstoulouse.com\/fr\/wp-json\/wp\/v2\/types\/post"}],"author":[{"embeddable":true,"href":"https:\/\/dstoulouse.com\/fr\/wp-json\/wp\/v2\/users\/2"}],"replies":[{"embeddable":true,"href":"https:\/\/dstoulouse.com\/fr\/wp-json\/wp\/v2\/comments?post=16483"}],"version-history":[{"count":0,"href":"https:\/\/dstoulouse.com\/fr\/wp-json\/wp\/v2\/posts\/16483\/revisions"}],"wp:featuredmedia":[{"embeddable":true,"href":"https:\/\/dstoulouse.com\/fr\/wp-json\/wp\/v2\/media\/16289"}],"wp:attachment":[{"href":"https:\/\/dstoulouse.com\/fr\/wp-json\/wp\/v2\/media?parent=16483"}],"wp:term":[{"taxonomy":"category","embeddable":true,"href":"https:\/\/dstoulouse.com\/fr\/wp-json\/wp\/v2\/categories?post=16483"},{"taxonomy":"post_tag","embeddable":true,"href":"https:\/\/dstoulouse.com\/fr\/wp-json\/wp\/v2\/tags?post=16483"}],"curies":[{"name":"wp","href":"https:\/\/api.w.org\/{rel}","templated":true}]}}