{"id":16487,"date":"2023-10-13T11:34:47","date_gmt":"2023-10-13T09:34:47","guid":{"rendered":"https:\/\/dstoulouse.com\/festakt-zum-50-jaehrigen-jubilaeum\/"},"modified":"2023-11-13T15:47:54","modified_gmt":"2023-11-13T14:47:54","slug":"ceremonie-des-50-ans","status":"publish","type":"post","link":"https:\/\/dstoulouse.com\/fr\/ceremonie-des-50-ans\/","title":{"rendered":"C\u00e9r\u00e9monie des 50 ans"},"content":{"rendered":"\n<p>Notre c\u00e9r\u00e9monie haute en couleur a r\u00e9uni pour un voyage dans le pass\u00e9 et dans l&rsquo;avenir des nombreux invit\u00e9s de marque dont S.E. l&rsquo;Ambassadeur de la R\u00e9publique F\u00e9d\u00e9rale d&rsquo;Allemagne en France, Stephan Steinlein, qui a effectu\u00e9, \u00e0 cette occasion, son premier d\u00e9placement officiel hors r\u00e9gion parisienne.<\/p>\n\n\n\n<p>Des discours officiels t\u00e9moignant des valeurs et visions partag\u00e9es auxquelles nous restons fortement attach\u00e9es, des interventions de la chorale de l&rsquo;Ecole El\u00e9mentaire, du groupe musicale du Secondaire et d&rsquo;un ensemble musical d&rsquo;enseignants avec violon, piano et chant ont rythm\u00e9 avec succ\u00e8s la c\u00e9r\u00e9monie.<\/p>\n\n\n\n<p>Le cocktail dinatoire suivant la c\u00e9r\u00e9monie fut convivial et propice aux \u00e9changes.<\/p>\n\n\n\n<p>Voir la galerie photo: <a href=\"https:\/\/dstoulouse.com\/50-jahre-dst-jubilaeumsfeiern\/#50\">50 ans DST<\/a><\/p>\n\n\n\n<figure class=\"wp-block-gallery has-nested-images columns-default is-cropped wp-block-gallery-1 is-layout-flex wp-block-gallery-is-layout-flex\">\n<figure class=\"wp-block-image size-large\"><img loading=\"lazy\" decoding=\"async\" width=\"1024\" height=\"683\" data-id=\"16200\" src=\"https:\/\/dstoulouse.com\/wp-content\/uploads\/dst_50jahre_festakt-9-1024x683.jpg\" alt=\"Deutsche Schule Toulouse, Festakt 50 Jahre DST\" class=\"wp-image-16200\" srcset=\"https:\/\/dstoulouse.com\/wp-content\/uploads\/dst_50jahre_festakt-9-1024x683.jpg 1024w, https:\/\/dstoulouse.com\/wp-content\/uploads\/dst_50jahre_festakt-9-300x200.jpg 300w, https:\/\/dstoulouse.com\/wp-content\/uploads\/dst_50jahre_festakt-9-768x512.jpg 768w, https:\/\/dstoulouse.com\/wp-content\/uploads\/dst_50jahre_festakt-9.jpg 1080w\" sizes=\"auto, (max-width: 1024px) 100vw, 1024px\" \/><\/figure>\n\n\n\n<figure class=\"wp-block-image size-large\"><img loading=\"lazy\" decoding=\"async\" width=\"1024\" height=\"684\" data-id=\"16176\" src=\"https:\/\/dstoulouse.com\/wp-content\/uploads\/dst_50jahre_festakt-1-1024x684.jpg\" alt=\"Deutsche Schule Toulouse, Festakt 50 Jahre DST\" class=\"wp-image-16176\" srcset=\"https:\/\/dstoulouse.com\/wp-content\/uploads\/dst_50jahre_festakt-1-1024x684.jpg 1024w, https:\/\/dstoulouse.com\/wp-content\/uploads\/dst_50jahre_festakt-1-300x200.jpg 300w, https:\/\/dstoulouse.com\/wp-content\/uploads\/dst_50jahre_festakt-1-768x513.jpg 768w, https:\/\/dstoulouse.com\/wp-content\/uploads\/dst_50jahre_festakt-1.jpg 1080w\" sizes=\"auto, (max-width: 1024px) 100vw, 1024px\" \/><\/figure>\n\n\n\n<figure class=\"wp-block-image size-large\"><img loading=\"lazy\" decoding=\"async\" width=\"1024\" height=\"684\" data-id=\"16236\" src=\"https:\/\/dstoulouse.com\/wp-content\/uploads\/dst_50jahre_festakt-21-1024x684.jpg\" alt=\"Deutsche Schule Toulouse, Festakt 50 Jahre DST\" class=\"wp-image-16236\" srcset=\"https:\/\/dstoulouse.com\/wp-content\/uploads\/dst_50jahre_festakt-21-1024x684.jpg 1024w, https:\/\/dstoulouse.com\/wp-content\/uploads\/dst_50jahre_festakt-21-300x200.jpg 300w, https:\/\/dstoulouse.com\/wp-content\/uploads\/dst_50jahre_festakt-21-768x513.jpg 768w, https:\/\/dstoulouse.com\/wp-content\/uploads\/dst_50jahre_festakt-21.jpg 1080w\" sizes=\"auto, (max-width: 1024px) 100vw, 1024px\" \/><\/figure>\n<\/figure>\n","protected":false},"excerpt":{"rendered":"<p>Notre c\u00e9r\u00e9monie haute en couleur a r\u00e9uni pour un voyage dans le pass\u00e9 et dans l&rsquo;avenir des nombreux invit\u00e9s de marque dont S.E. l&rsquo;Ambassadeur de la R\u00e9publique F\u00e9d\u00e9rale d&rsquo;Allemagne en&#8230; <\/p>\n<div class=\"clear\"><\/div>\n<p><a href=\"https:\/\/dstoulouse.com\/fr\/ceremonie-des-50-ans\/\" class=\"gdlr-button with-border excerpt-read-more\">En savoir plus<\/a><\/p>\n","protected":false},"author":2,"featured_media":16299,"comment_status":"closed","ping_status":"open","sticky":false,"template":"","format":"standard","meta":{"_EventAllDay":false,"_EventTimezone":"","_EventStartDate":"","_EventEndDate":"","_EventStartDateUTC":"","_EventEndDateUTC":"","_EventShowMap":false,"_EventShowMapLink":false,"_EventURL":"","_EventCost":"","_EventCostDescription":"","_EventCurrencySymbol":"","_EventCurrencyCode":"","_EventCurrencyPosition":"","_EventDateTimeSeparator":"","_EventTimeRangeSeparator":"","_EventOrganizerID":[],"_EventVenueID":[],"_OrganizerEmail":"","_OrganizerPhone":"","_OrganizerWebsite":"","_VenueAddress":"","_VenueCity":"","_VenueCountry":"","_VenueProvince":"","_VenueState":"","_VenueZip":"","_VenuePhone":"","_VenueURL":"","_VenueStateProvince":"","_VenueLat":"","_VenueLng":"","_VenueShowMap":false,"_VenueShowMapLink":false,"iawp_total_views":5,"footnotes":""},"categories":[105,51,103],"tags":[],"class_list":["post-16487","post","type-post","status-publish","format-standard","has-post-thumbnail","hentry","category-annee-scolaire-2023-24","category-dst-fr","category-schuljahr-2023-24-fr"],"yoast_head":"<!-- This site is optimized with the Yoast SEO plugin v27.3 - https:\/\/yoast.com\/product\/yoast-seo-wordpress\/ -->\n<title>C\u00e9r\u00e9monie des 50 ans - Deutsche Schule Toulouse: Exzellente Deutsche Auslandsschule mit Kindergarten, Grundschule und weiterf&uuml;hrender Schule<\/title>\n<meta name=\"robots\" content=\"index, follow, max-snippet:-1, max-image-preview:large, max-video-preview:-1\" \/>\n<link rel=\"canonical\" href=\"https:\/\/dstoulouse.com\/fr\/ceremonie-des-50-ans\/\" \/>\n<meta property=\"og:locale\" content=\"fr_FR\" \/>\n<meta property=\"og:type\" content=\"article\" \/>\n<meta property=\"og:title\" content=\"C\u00e9r\u00e9monie des 50 ans - Deutsche Schule Toulouse: Exzellente Deutsche Auslandsschule mit Kindergarten, Grundschule und weiterf&uuml;hrender Schule\" \/>\n<meta property=\"og:description\" content=\"Notre c\u00e9r\u00e9monie haute en couleur a r\u00e9uni pour un voyage dans le pass\u00e9 et dans l&rsquo;avenir des nombreux invit\u00e9s de marque dont S.E. l&rsquo;Ambassadeur de la R\u00e9publique F\u00e9d\u00e9rale d&rsquo;Allemagne en... En savoir plus\" \/>\n<meta property=\"og:url\" content=\"https:\/\/dstoulouse.com\/fr\/ceremonie-des-50-ans\/\" \/>\n<meta property=\"og:site_name\" content=\"Deutsche Schule Toulouse: Exzellente Deutsche Auslandsschule mit Kindergarten, Grundschule und weiterf&uuml;hrender Schule\" \/>\n<meta property=\"article:published_time\" content=\"2023-10-13T09:34:47+00:00\" \/>\n<meta property=\"article:modified_time\" content=\"2023-11-13T14:47:54+00:00\" \/>\n<meta property=\"og:image\" content=\"https:\/\/dstoulouse.com\/wp-content\/uploads\/dst_50jahre_schulfest_titel.jpg\" \/>\n\t<meta property=\"og:image:width\" content=\"750\" \/>\n\t<meta property=\"og:image:height\" content=\"330\" \/>\n\t<meta property=\"og:image:type\" content=\"image\/jpeg\" \/>\n<meta name=\"author\" content=\"Nicole KN\u00dcPPEL\" \/>\n<meta name=\"twitter:card\" content=\"summary_large_image\" \/>\n<meta name=\"twitter:label1\" content=\"\u00c9crit par\" \/>\n\t<meta name=\"twitter:data1\" content=\"Nicole KN\u00dcPPEL\" \/>\n\t<meta name=\"twitter:label2\" content=\"Dur\u00e9e de lecture estim\u00e9e\" \/>\n\t<meta name=\"twitter:data2\" content=\"2 minutes\" \/>\n<script type=\"application\/ld+json\" class=\"yoast-schema-graph\">{\"@context\":\"https:\\\/\\\/schema.org\",\"@graph\":[{\"@type\":\"Article\",\"@id\":\"https:\\\/\\\/dstoulouse.com\\\/fr\\\/ceremonie-des-50-ans\\\/#article\",\"isPartOf\":{\"@id\":\"https:\\\/\\\/dstoulouse.com\\\/fr\\\/ceremonie-des-50-ans\\\/\"},\"author\":{\"name\":\"Nicole KN\u00dcPPEL\",\"@id\":\"https:\\\/\\\/dstoulouse.com\\\/#\\\/schema\\\/person\\\/0b48fa4e25c55048d6e0bb98b1696975\"},\"headline\":\"C\u00e9r\u00e9monie des 50 ans\",\"datePublished\":\"2023-10-13T09:34:47+00:00\",\"dateModified\":\"2023-11-13T14:47:54+00:00\",\"mainEntityOfPage\":{\"@id\":\"https:\\\/\\\/dstoulouse.com\\\/fr\\\/ceremonie-des-50-ans\\\/\"},\"wordCount\":136,\"publisher\":{\"@id\":\"https:\\\/\\\/dstoulouse.com\\\/#organization\"},\"image\":{\"@id\":\"https:\\\/\\\/dstoulouse.com\\\/fr\\\/ceremonie-des-50-ans\\\/#primaryimage\"},\"thumbnailUrl\":\"https:\\\/\\\/dstoulouse.com\\\/wp-content\\\/uploads\\\/dst_50jahre_schulfest_titel.jpg\",\"articleSection\":[\"Ann\u00e9e scolaire 2023\\\/24\",\"DST\",\"Schuljahr 2023\\\/24\"],\"inLanguage\":\"fr-FR\"},{\"@type\":\"WebPage\",\"@id\":\"https:\\\/\\\/dstoulouse.com\\\/fr\\\/ceremonie-des-50-ans\\\/\",\"url\":\"https:\\\/\\\/dstoulouse.com\\\/fr\\\/ceremonie-des-50-ans\\\/\",\"name\":\"C\u00e9r\u00e9monie des 50 ans - Deutsche Schule Toulouse: Exzellente Deutsche Auslandsschule mit Kindergarten, Grundschule und weiterf&uuml;hrender Schule\",\"isPartOf\":{\"@id\":\"https:\\\/\\\/dstoulouse.com\\\/#website\"},\"primaryImageOfPage\":{\"@id\":\"https:\\\/\\\/dstoulouse.com\\\/fr\\\/ceremonie-des-50-ans\\\/#primaryimage\"},\"image\":{\"@id\":\"https:\\\/\\\/dstoulouse.com\\\/fr\\\/ceremonie-des-50-ans\\\/#primaryimage\"},\"thumbnailUrl\":\"https:\\\/\\\/dstoulouse.com\\\/wp-content\\\/uploads\\\/dst_50jahre_schulfest_titel.jpg\",\"datePublished\":\"2023-10-13T09:34:47+00:00\",\"dateModified\":\"2023-11-13T14:47:54+00:00\",\"breadcrumb\":{\"@id\":\"https:\\\/\\\/dstoulouse.com\\\/fr\\\/ceremonie-des-50-ans\\\/#breadcrumb\"},\"inLanguage\":\"fr-FR\",\"potentialAction\":[{\"@type\":\"ReadAction\",\"target\":[\"https:\\\/\\\/dstoulouse.com\\\/fr\\\/ceremonie-des-50-ans\\\/\"]}]},{\"@type\":\"ImageObject\",\"inLanguage\":\"fr-FR\",\"@id\":\"https:\\\/\\\/dstoulouse.com\\\/fr\\\/ceremonie-des-50-ans\\\/#primaryimage\",\"url\":\"https:\\\/\\\/dstoulouse.com\\\/wp-content\\\/uploads\\\/dst_50jahre_schulfest_titel.jpg\",\"contentUrl\":\"https:\\\/\\\/dstoulouse.com\\\/wp-content\\\/uploads\\\/dst_50jahre_schulfest_titel.jpg\",\"width\":750,\"height\":330,\"caption\":\"Deutsche Schule Toulouse, Festakt 50 Jahre DST mit Botschafter Stephan Steinlein und Generalkonsulin Stefanie Zeidler\"},{\"@type\":\"BreadcrumbList\",\"@id\":\"https:\\\/\\\/dstoulouse.com\\\/fr\\\/ceremonie-des-50-ans\\\/#breadcrumb\",\"itemListElement\":[{\"@type\":\"ListItem\",\"position\":1,\"name\":\"Startseite\",\"item\":\"https:\\\/\\\/dstoulouse.com\\\/fr\\\/\"},{\"@type\":\"ListItem\",\"position\":2,\"name\":\"C\u00e9r\u00e9monie des 50 ans\"}]},{\"@type\":\"WebSite\",\"@id\":\"https:\\\/\\\/dstoulouse.com\\\/#website\",\"url\":\"https:\\\/\\\/dstoulouse.com\\\/\",\"name\":\"Deutsche Schule Toulouse: Exzellente Deutsche Auslandsschule mit Kindergarten, Grundschule und weiterf&uuml;hrender Schule\",\"description\":\"Wir bilden das Europa von morgen\",\"publisher\":{\"@id\":\"https:\\\/\\\/dstoulouse.com\\\/#organization\"},\"potentialAction\":[{\"@type\":\"SearchAction\",\"target\":{\"@type\":\"EntryPoint\",\"urlTemplate\":\"https:\\\/\\\/dstoulouse.com\\\/?s={search_term_string}\"},\"query-input\":{\"@type\":\"PropertyValueSpecification\",\"valueRequired\":true,\"valueName\":\"search_term_string\"}}],\"inLanguage\":\"fr-FR\"},{\"@type\":\"Organization\",\"@id\":\"https:\\\/\\\/dstoulouse.com\\\/#organization\",\"name\":\"Deutsche Schule Toulouse\",\"url\":\"https:\\\/\\\/dstoulouse.com\\\/\",\"logo\":{\"@type\":\"ImageObject\",\"inLanguage\":\"fr-FR\",\"@id\":\"https:\\\/\\\/dstoulouse.com\\\/#\\\/schema\\\/logo\\\/image\\\/\",\"url\":\"https:\\\/\\\/dstoulouse.com\\\/wp-content\\\/uploads\\\/dst-logo.jpg\",\"contentUrl\":\"https:\\\/\\\/dstoulouse.com\\\/wp-content\\\/uploads\\\/dst-logo.jpg\",\"width\":149,\"height\":107,\"caption\":\"Deutsche Schule Toulouse\"},\"image\":{\"@id\":\"https:\\\/\\\/dstoulouse.com\\\/#\\\/schema\\\/logo\\\/image\\\/\"}},{\"@type\":\"Person\",\"@id\":\"https:\\\/\\\/dstoulouse.com\\\/#\\\/schema\\\/person\\\/0b48fa4e25c55048d6e0bb98b1696975\",\"name\":\"Nicole KN\u00dcPPEL\"}]}<\/script>\n<!-- \/ Yoast SEO plugin. -->","yoast_head_json":{"title":"C\u00e9r\u00e9monie des 50 ans - Deutsche Schule Toulouse: Exzellente Deutsche Auslandsschule mit Kindergarten, Grundschule und weiterf&uuml;hrender Schule","robots":{"index":"index","follow":"follow","max-snippet":"max-snippet:-1","max-image-preview":"max-image-preview:large","max-video-preview":"max-video-preview:-1"},"canonical":"https:\/\/dstoulouse.com\/fr\/ceremonie-des-50-ans\/","og_locale":"fr_FR","og_type":"article","og_title":"C\u00e9r\u00e9monie des 50 ans - Deutsche Schule Toulouse: Exzellente Deutsche Auslandsschule mit Kindergarten, Grundschule und weiterf&uuml;hrender Schule","og_description":"Notre c\u00e9r\u00e9monie haute en couleur a r\u00e9uni pour un voyage dans le pass\u00e9 et dans l&rsquo;avenir des nombreux invit\u00e9s de marque dont S.E. l&rsquo;Ambassadeur de la R\u00e9publique F\u00e9d\u00e9rale d&rsquo;Allemagne en... En savoir plus","og_url":"https:\/\/dstoulouse.com\/fr\/ceremonie-des-50-ans\/","og_site_name":"Deutsche Schule Toulouse: Exzellente Deutsche Auslandsschule mit Kindergarten, Grundschule und weiterf&uuml;hrender Schule","article_published_time":"2023-10-13T09:34:47+00:00","article_modified_time":"2023-11-13T14:47:54+00:00","og_image":[{"width":750,"height":330,"url":"https:\/\/dstoulouse.com\/wp-content\/uploads\/dst_50jahre_schulfest_titel.jpg","type":"image\/jpeg"}],"author":"Nicole KN\u00dcPPEL","twitter_card":"summary_large_image","twitter_misc":{"\u00c9crit par":"Nicole KN\u00dcPPEL","Dur\u00e9e de lecture estim\u00e9e":"2 minutes"},"schema":{"@context":"https:\/\/schema.org","@graph":[{"@type":"Article","@id":"https:\/\/dstoulouse.com\/fr\/ceremonie-des-50-ans\/#article","isPartOf":{"@id":"https:\/\/dstoulouse.com\/fr\/ceremonie-des-50-ans\/"},"author":{"name":"Nicole KN\u00dcPPEL","@id":"https:\/\/dstoulouse.com\/#\/schema\/person\/0b48fa4e25c55048d6e0bb98b1696975"},"headline":"C\u00e9r\u00e9monie des 50 ans","datePublished":"2023-10-13T09:34:47+00:00","dateModified":"2023-11-13T14:47:54+00:00","mainEntityOfPage":{"@id":"https:\/\/dstoulouse.com\/fr\/ceremonie-des-50-ans\/"},"wordCount":136,"publisher":{"@id":"https:\/\/dstoulouse.com\/#organization"},"image":{"@id":"https:\/\/dstoulouse.com\/fr\/ceremonie-des-50-ans\/#primaryimage"},"thumbnailUrl":"https:\/\/dstoulouse.com\/wp-content\/uploads\/dst_50jahre_schulfest_titel.jpg","articleSection":["Ann\u00e9e scolaire 2023\/24","DST","Schuljahr 2023\/24"],"inLanguage":"fr-FR"},{"@type":"WebPage","@id":"https:\/\/dstoulouse.com\/fr\/ceremonie-des-50-ans\/","url":"https:\/\/dstoulouse.com\/fr\/ceremonie-des-50-ans\/","name":"C\u00e9r\u00e9monie des 50 ans - Deutsche Schule Toulouse: Exzellente Deutsche Auslandsschule mit Kindergarten, Grundschule und weiterf&uuml;hrender Schule","isPartOf":{"@id":"https:\/\/dstoulouse.com\/#website"},"primaryImageOfPage":{"@id":"https:\/\/dstoulouse.com\/fr\/ceremonie-des-50-ans\/#primaryimage"},"image":{"@id":"https:\/\/dstoulouse.com\/fr\/ceremonie-des-50-ans\/#primaryimage"},"thumbnailUrl":"https:\/\/dstoulouse.com\/wp-content\/uploads\/dst_50jahre_schulfest_titel.jpg","datePublished":"2023-10-13T09:34:47+00:00","dateModified":"2023-11-13T14:47:54+00:00","breadcrumb":{"@id":"https:\/\/dstoulouse.com\/fr\/ceremonie-des-50-ans\/#breadcrumb"},"inLanguage":"fr-FR","potentialAction":[{"@type":"ReadAction","target":["https:\/\/dstoulouse.com\/fr\/ceremonie-des-50-ans\/"]}]},{"@type":"ImageObject","inLanguage":"fr-FR","@id":"https:\/\/dstoulouse.com\/fr\/ceremonie-des-50-ans\/#primaryimage","url":"https:\/\/dstoulouse.com\/wp-content\/uploads\/dst_50jahre_schulfest_titel.jpg","contentUrl":"https:\/\/dstoulouse.com\/wp-content\/uploads\/dst_50jahre_schulfest_titel.jpg","width":750,"height":330,"caption":"Deutsche Schule Toulouse, Festakt 50 Jahre DST mit Botschafter Stephan Steinlein und Generalkonsulin Stefanie Zeidler"},{"@type":"BreadcrumbList","@id":"https:\/\/dstoulouse.com\/fr\/ceremonie-des-50-ans\/#breadcrumb","itemListElement":[{"@type":"ListItem","position":1,"name":"Startseite","item":"https:\/\/dstoulouse.com\/fr\/"},{"@type":"ListItem","position":2,"name":"C\u00e9r\u00e9monie des 50 ans"}]},{"@type":"WebSite","@id":"https:\/\/dstoulouse.com\/#website","url":"https:\/\/dstoulouse.com\/","name":"Deutsche Schule Toulouse: Exzellente Deutsche Auslandsschule mit Kindergarten, Grundschule und weiterf&uuml;hrender Schule","description":"Wir bilden das Europa von morgen","publisher":{"@id":"https:\/\/dstoulouse.com\/#organization"},"potentialAction":[{"@type":"SearchAction","target":{"@type":"EntryPoint","urlTemplate":"https:\/\/dstoulouse.com\/?s={search_term_string}"},"query-input":{"@type":"PropertyValueSpecification","valueRequired":true,"valueName":"search_term_string"}}],"inLanguage":"fr-FR"},{"@type":"Organization","@id":"https:\/\/dstoulouse.com\/#organization","name":"Deutsche Schule Toulouse","url":"https:\/\/dstoulouse.com\/","logo":{"@type":"ImageObject","inLanguage":"fr-FR","@id":"https:\/\/dstoulouse.com\/#\/schema\/logo\/image\/","url":"https:\/\/dstoulouse.com\/wp-content\/uploads\/dst-logo.jpg","contentUrl":"https:\/\/dstoulouse.com\/wp-content\/uploads\/dst-logo.jpg","width":149,"height":107,"caption":"Deutsche Schule Toulouse"},"image":{"@id":"https:\/\/dstoulouse.com\/#\/schema\/logo\/image\/"}},{"@type":"Person","@id":"https:\/\/dstoulouse.com\/#\/schema\/person\/0b48fa4e25c55048d6e0bb98b1696975","name":"Nicole KN\u00dcPPEL"}]}},"_links":{"self":[{"href":"https:\/\/dstoulouse.com\/fr\/wp-json\/wp\/v2\/posts\/16487","targetHints":{"allow":["GET"]}}],"collection":[{"href":"https:\/\/dstoulouse.com\/fr\/wp-json\/wp\/v2\/posts"}],"about":[{"href":"https:\/\/dstoulouse.com\/fr\/wp-json\/wp\/v2\/types\/post"}],"author":[{"embeddable":true,"href":"https:\/\/dstoulouse.com\/fr\/wp-json\/wp\/v2\/users\/2"}],"replies":[{"embeddable":true,"href":"https:\/\/dstoulouse.com\/fr\/wp-json\/wp\/v2\/comments?post=16487"}],"version-history":[{"count":0,"href":"https:\/\/dstoulouse.com\/fr\/wp-json\/wp\/v2\/posts\/16487\/revisions"}],"wp:featuredmedia":[{"embeddable":true,"href":"https:\/\/dstoulouse.com\/fr\/wp-json\/wp\/v2\/media\/16299"}],"wp:attachment":[{"href":"https:\/\/dstoulouse.com\/fr\/wp-json\/wp\/v2\/media?parent=16487"}],"wp:term":[{"taxonomy":"category","embeddable":true,"href":"https:\/\/dstoulouse.com\/fr\/wp-json\/wp\/v2\/categories?post=16487"},{"taxonomy":"post_tag","embeddable":true,"href":"https:\/\/dstoulouse.com\/fr\/wp-json\/wp\/v2\/tags?post=16487"}],"curies":[{"name":"wp","href":"https:\/\/api.w.org\/{rel}","templated":true}]}}