{"id":16687,"date":"2023-11-29T10:01:41","date_gmt":"2023-11-29T09:01:41","guid":{"rendered":"https:\/\/dstoulouse.com\/zweiter-schueleraustausch-aus-der-sicht-einer-dst-schuelerin\/"},"modified":"2023-11-29T10:12:46","modified_gmt":"2023-11-29T09:12:46","slug":"echange-scolaire-a-la-haye","status":"publish","type":"post","link":"https:\/\/dstoulouse.com\/fr\/echange-scolaire-a-la-haye\/","title":{"rendered":"Une \u00e9change scolaire \u00e0 La Haye"},"content":{"rendered":"\n<p>Je m&rsquo;appelle Deborah et je suis en 1\u00e8re \u00e0 l&rsquo;Ecole Allemande de Toulouse. Je viens de participer \u00e0 l&rsquo;\u00e9change scolaire organis\u00e9 par mon Ecole avec les autres Ecoles Allemandes dans la r\u00e9gion Nord-Ouest de l&rsquo;Europe.<br>Ainsi, j&rsquo;ai pu passer deux semaines \u00e0 l&rsquo;Ecole Internationale Allemande de La Haye (DISDH) aux Pays-Bas ; cet \u00e9change m&rsquo;a permis d&rsquo;\u00e9largir mon propre horizon en d\u00e9couvrant la vraie culture n\u00e9erlandaise avec l&rsquo;aide de ma famille d&rsquo;accueil et de mes camarades de classe et de me faire de nouveaux amis n\u00e9erlandais mais aussi d&rsquo;autres pays europ\u00e9ens ; nous \u00e9tions, en effet, cinq \u00e9l\u00e8ves en \u00e9change. Aussi, j&rsquo;ai appr\u00e9ci\u00e9 de participer aux cours dans l&rsquo;Ecole Allemande de La Haye d\u00e9couvrant ainsi une mani\u00e8re diff\u00e9rente d&rsquo;enseigner.<\/p>\n\n\n\n<p>Pendant mon s\u00e9jour, j&rsquo;ai eu le temps de d\u00e9couvrir La Haye et ses environs dont la mer qui est tr\u00e8s proche, bien souvent \u00e0 v\u00e9lo gr\u00e2ce au terrain plat et aux nombreuses pistes cyclables. La DISDH nous a \u00e9galement organis\u00e9 une excursion d&rsquo;une journ\u00e9e \u00e0 Amsterdam, au cours de laquelle nous avons notamment visit\u00e9 le mus\u00e9e Van Gogh.<\/p>\n\n\n\n<p>En r\u00e9sum\u00e9, je ne peux que recommander cet \u00e9change, car on acquiert de nouvelles exp\u00e9riences pour la vie et il faut vraiment profiter de l&rsquo;occasion !<\/p>\n","protected":false},"excerpt":{"rendered":"<p>Je m&rsquo;appelle Deborah et je suis en 1\u00e8re \u00e0 l&rsquo;Ecole Allemande de Toulouse. Je viens de participer \u00e0 l&rsquo;\u00e9change scolaire organis\u00e9 par mon Ecole avec les autres Ecoles Allemandes dans&#8230; <\/p>\n<div class=\"clear\"><\/div>\n<p><a href=\"https:\/\/dstoulouse.com\/fr\/echange-scolaire-a-la-haye\/\" class=\"gdlr-button with-border excerpt-read-more\">En savoir plus<\/a><\/p>\n","protected":false},"author":2,"featured_media":16679,"comment_status":"closed","ping_status":"open","sticky":false,"template":"","format":"standard","meta":{"_EventAllDay":false,"_EventTimezone":"","_EventStartDate":"","_EventEndDate":"","_EventStartDateUTC":"","_EventEndDateUTC":"","_EventShowMap":false,"_EventShowMapLink":false,"_EventURL":"","_EventCost":"","_EventCostDescription":"","_EventCurrencySymbol":"","_EventCurrencyCode":"","_EventCurrencyPosition":"","_EventDateTimeSeparator":"","_EventTimeRangeSeparator":"","_EventOrganizerID":[],"_EventVenueID":[],"_OrganizerEmail":"","_OrganizerPhone":"","_OrganizerWebsite":"","_VenueAddress":"","_VenueCity":"","_VenueCountry":"","_VenueProvince":"","_VenueState":"","_VenueZip":"","_VenuePhone":"","_VenueURL":"","_VenueStateProvince":"","_VenueLat":"","_VenueLng":"","_VenueShowMap":false,"_VenueShowMapLink":false,"iawp_total_views":19,"footnotes":""},"categories":[105,50,45,103],"tags":[],"class_list":["post-16687","post","type-post","status-publish","format-standard","has-post-thumbnail","hentry","category-annee-scolaire-2023-24","category-college-lycee","category-la-vie-a-lecole","category-schuljahr-2023-24-fr"],"yoast_head":"<!-- This site is optimized with the Yoast SEO plugin v27.3 - https:\/\/yoast.com\/product\/yoast-seo-wordpress\/ -->\n<title>Une \u00e9change scolaire \u00e0 La Haye - Deutsche Schule Toulouse: Exzellente Deutsche Auslandsschule mit Kindergarten, Grundschule und weiterf&uuml;hrender Schule<\/title>\n<meta name=\"robots\" content=\"index, follow, max-snippet:-1, max-image-preview:large, max-video-preview:-1\" \/>\n<link rel=\"canonical\" href=\"https:\/\/dstoulouse.com\/fr\/echange-scolaire-a-la-haye\/\" \/>\n<meta property=\"og:locale\" content=\"fr_FR\" \/>\n<meta property=\"og:type\" content=\"article\" \/>\n<meta property=\"og:title\" content=\"Une \u00e9change scolaire \u00e0 La Haye - Deutsche Schule Toulouse: Exzellente Deutsche Auslandsschule mit Kindergarten, Grundschule und weiterf&uuml;hrender Schule\" \/>\n<meta property=\"og:description\" content=\"Je m&rsquo;appelle Deborah et je suis en 1\u00e8re \u00e0 l&rsquo;Ecole Allemande de Toulouse. Je viens de participer \u00e0 l&rsquo;\u00e9change scolaire organis\u00e9 par mon Ecole avec les autres Ecoles Allemandes dans... En savoir plus\" \/>\n<meta property=\"og:url\" content=\"https:\/\/dstoulouse.com\/fr\/echange-scolaire-a-la-haye\/\" \/>\n<meta property=\"og:site_name\" content=\"Deutsche Schule Toulouse: Exzellente Deutsche Auslandsschule mit Kindergarten, Grundschule und weiterf&uuml;hrender Schule\" \/>\n<meta property=\"article:published_time\" content=\"2023-11-29T09:01:41+00:00\" \/>\n<meta property=\"article:modified_time\" content=\"2023-11-29T09:12:46+00:00\" \/>\n<meta property=\"og:image\" content=\"https:\/\/dstoulouse.com\/wp-content\/uploads\/dst_schueleraustausch_deborah_2023.jpg\" \/>\n\t<meta property=\"og:image:width\" content=\"750\" \/>\n\t<meta property=\"og:image:height\" content=\"330\" \/>\n\t<meta property=\"og:image:type\" content=\"image\/jpeg\" \/>\n<meta name=\"author\" content=\"Nicole KN\u00dcPPEL\" \/>\n<meta name=\"twitter:card\" content=\"summary_large_image\" \/>\n<meta name=\"twitter:label1\" content=\"\u00c9crit par\" \/>\n\t<meta name=\"twitter:data1\" content=\"Nicole KN\u00dcPPEL\" \/>\n\t<meta name=\"twitter:label2\" content=\"Dur\u00e9e de lecture estim\u00e9e\" \/>\n\t<meta name=\"twitter:data2\" content=\"2 minutes\" \/>\n<script type=\"application\/ld+json\" class=\"yoast-schema-graph\">{\"@context\":\"https:\\\/\\\/schema.org\",\"@graph\":[{\"@type\":\"Article\",\"@id\":\"https:\\\/\\\/dstoulouse.com\\\/fr\\\/echange-scolaire-a-la-haye\\\/#article\",\"isPartOf\":{\"@id\":\"https:\\\/\\\/dstoulouse.com\\\/fr\\\/echange-scolaire-a-la-haye\\\/\"},\"author\":{\"name\":\"Nicole KN\u00dcPPEL\",\"@id\":\"https:\\\/\\\/dstoulouse.com\\\/#\\\/schema\\\/person\\\/0b48fa4e25c55048d6e0bb98b1696975\"},\"headline\":\"Une \u00e9change scolaire \u00e0 La Haye\",\"datePublished\":\"2023-11-29T09:01:41+00:00\",\"dateModified\":\"2023-11-29T09:12:46+00:00\",\"mainEntityOfPage\":{\"@id\":\"https:\\\/\\\/dstoulouse.com\\\/fr\\\/echange-scolaire-a-la-haye\\\/\"},\"wordCount\":236,\"publisher\":{\"@id\":\"https:\\\/\\\/dstoulouse.com\\\/#organization\"},\"image\":{\"@id\":\"https:\\\/\\\/dstoulouse.com\\\/fr\\\/echange-scolaire-a-la-haye\\\/#primaryimage\"},\"thumbnailUrl\":\"https:\\\/\\\/dstoulouse.com\\\/wp-content\\\/uploads\\\/dst_schueleraustausch_deborah_2023.jpg\",\"articleSection\":[\"Ann\u00e9e scolaire 2023\\\/24\",\"Coll\u00e8ge \\\/ Lyc\u00e9e\",\"La vie \u00e0 l\u2019\u00e9cole\",\"Schuljahr 2023\\\/24\"],\"inLanguage\":\"fr-FR\"},{\"@type\":\"WebPage\",\"@id\":\"https:\\\/\\\/dstoulouse.com\\\/fr\\\/echange-scolaire-a-la-haye\\\/\",\"url\":\"https:\\\/\\\/dstoulouse.com\\\/fr\\\/echange-scolaire-a-la-haye\\\/\",\"name\":\"Une \u00e9change scolaire \u00e0 La Haye - Deutsche Schule Toulouse: Exzellente Deutsche Auslandsschule mit Kindergarten, Grundschule und weiterf&uuml;hrender Schule\",\"isPartOf\":{\"@id\":\"https:\\\/\\\/dstoulouse.com\\\/#website\"},\"primaryImageOfPage\":{\"@id\":\"https:\\\/\\\/dstoulouse.com\\\/fr\\\/echange-scolaire-a-la-haye\\\/#primaryimage\"},\"image\":{\"@id\":\"https:\\\/\\\/dstoulouse.com\\\/fr\\\/echange-scolaire-a-la-haye\\\/#primaryimage\"},\"thumbnailUrl\":\"https:\\\/\\\/dstoulouse.com\\\/wp-content\\\/uploads\\\/dst_schueleraustausch_deborah_2023.jpg\",\"datePublished\":\"2023-11-29T09:01:41+00:00\",\"dateModified\":\"2023-11-29T09:12:46+00:00\",\"breadcrumb\":{\"@id\":\"https:\\\/\\\/dstoulouse.com\\\/fr\\\/echange-scolaire-a-la-haye\\\/#breadcrumb\"},\"inLanguage\":\"fr-FR\",\"potentialAction\":[{\"@type\":\"ReadAction\",\"target\":[\"https:\\\/\\\/dstoulouse.com\\\/fr\\\/echange-scolaire-a-la-haye\\\/\"]}]},{\"@type\":\"ImageObject\",\"inLanguage\":\"fr-FR\",\"@id\":\"https:\\\/\\\/dstoulouse.com\\\/fr\\\/echange-scolaire-a-la-haye\\\/#primaryimage\",\"url\":\"https:\\\/\\\/dstoulouse.com\\\/wp-content\\\/uploads\\\/dst_schueleraustausch_deborah_2023.jpg\",\"contentUrl\":\"https:\\\/\\\/dstoulouse.com\\\/wp-content\\\/uploads\\\/dst_schueleraustausch_deborah_2023.jpg\",\"width\":750,\"height\":330,\"caption\":\"Deutsche Schule Toulouse, Sch\u00fcleraustausch M\u00e4dchengruppe\"},{\"@type\":\"BreadcrumbList\",\"@id\":\"https:\\\/\\\/dstoulouse.com\\\/fr\\\/echange-scolaire-a-la-haye\\\/#breadcrumb\",\"itemListElement\":[{\"@type\":\"ListItem\",\"position\":1,\"name\":\"Startseite\",\"item\":\"https:\\\/\\\/dstoulouse.com\\\/fr\\\/\"},{\"@type\":\"ListItem\",\"position\":2,\"name\":\"Une \u00e9change scolaire \u00e0 La Haye\"}]},{\"@type\":\"WebSite\",\"@id\":\"https:\\\/\\\/dstoulouse.com\\\/#website\",\"url\":\"https:\\\/\\\/dstoulouse.com\\\/\",\"name\":\"Deutsche Schule Toulouse: Exzellente Deutsche Auslandsschule mit Kindergarten, Grundschule und weiterf&uuml;hrender Schule\",\"description\":\"Wir bilden das Europa von morgen\",\"publisher\":{\"@id\":\"https:\\\/\\\/dstoulouse.com\\\/#organization\"},\"potentialAction\":[{\"@type\":\"SearchAction\",\"target\":{\"@type\":\"EntryPoint\",\"urlTemplate\":\"https:\\\/\\\/dstoulouse.com\\\/?s={search_term_string}\"},\"query-input\":{\"@type\":\"PropertyValueSpecification\",\"valueRequired\":true,\"valueName\":\"search_term_string\"}}],\"inLanguage\":\"fr-FR\"},{\"@type\":\"Organization\",\"@id\":\"https:\\\/\\\/dstoulouse.com\\\/#organization\",\"name\":\"Deutsche Schule Toulouse\",\"url\":\"https:\\\/\\\/dstoulouse.com\\\/\",\"logo\":{\"@type\":\"ImageObject\",\"inLanguage\":\"fr-FR\",\"@id\":\"https:\\\/\\\/dstoulouse.com\\\/#\\\/schema\\\/logo\\\/image\\\/\",\"url\":\"https:\\\/\\\/dstoulouse.com\\\/wp-content\\\/uploads\\\/dst-logo.jpg\",\"contentUrl\":\"https:\\\/\\\/dstoulouse.com\\\/wp-content\\\/uploads\\\/dst-logo.jpg\",\"width\":149,\"height\":107,\"caption\":\"Deutsche Schule Toulouse\"},\"image\":{\"@id\":\"https:\\\/\\\/dstoulouse.com\\\/#\\\/schema\\\/logo\\\/image\\\/\"}},{\"@type\":\"Person\",\"@id\":\"https:\\\/\\\/dstoulouse.com\\\/#\\\/schema\\\/person\\\/0b48fa4e25c55048d6e0bb98b1696975\",\"name\":\"Nicole KN\u00dcPPEL\"}]}<\/script>\n<!-- \/ Yoast SEO plugin. -->","yoast_head_json":{"title":"Une \u00e9change scolaire \u00e0 La Haye - Deutsche Schule Toulouse: Exzellente Deutsche Auslandsschule mit Kindergarten, Grundschule und weiterf&uuml;hrender Schule","robots":{"index":"index","follow":"follow","max-snippet":"max-snippet:-1","max-image-preview":"max-image-preview:large","max-video-preview":"max-video-preview:-1"},"canonical":"https:\/\/dstoulouse.com\/fr\/echange-scolaire-a-la-haye\/","og_locale":"fr_FR","og_type":"article","og_title":"Une \u00e9change scolaire \u00e0 La Haye - Deutsche Schule Toulouse: Exzellente Deutsche Auslandsschule mit Kindergarten, Grundschule und weiterf&uuml;hrender Schule","og_description":"Je m&rsquo;appelle Deborah et je suis en 1\u00e8re \u00e0 l&rsquo;Ecole Allemande de Toulouse. Je viens de participer \u00e0 l&rsquo;\u00e9change scolaire organis\u00e9 par mon Ecole avec les autres Ecoles Allemandes dans... En savoir plus","og_url":"https:\/\/dstoulouse.com\/fr\/echange-scolaire-a-la-haye\/","og_site_name":"Deutsche Schule Toulouse: Exzellente Deutsche Auslandsschule mit Kindergarten, Grundschule und weiterf&uuml;hrender Schule","article_published_time":"2023-11-29T09:01:41+00:00","article_modified_time":"2023-11-29T09:12:46+00:00","og_image":[{"width":750,"height":330,"url":"https:\/\/dstoulouse.com\/wp-content\/uploads\/dst_schueleraustausch_deborah_2023.jpg","type":"image\/jpeg"}],"author":"Nicole KN\u00dcPPEL","twitter_card":"summary_large_image","twitter_misc":{"\u00c9crit par":"Nicole KN\u00dcPPEL","Dur\u00e9e de lecture estim\u00e9e":"2 minutes"},"schema":{"@context":"https:\/\/schema.org","@graph":[{"@type":"Article","@id":"https:\/\/dstoulouse.com\/fr\/echange-scolaire-a-la-haye\/#article","isPartOf":{"@id":"https:\/\/dstoulouse.com\/fr\/echange-scolaire-a-la-haye\/"},"author":{"name":"Nicole KN\u00dcPPEL","@id":"https:\/\/dstoulouse.com\/#\/schema\/person\/0b48fa4e25c55048d6e0bb98b1696975"},"headline":"Une \u00e9change scolaire \u00e0 La Haye","datePublished":"2023-11-29T09:01:41+00:00","dateModified":"2023-11-29T09:12:46+00:00","mainEntityOfPage":{"@id":"https:\/\/dstoulouse.com\/fr\/echange-scolaire-a-la-haye\/"},"wordCount":236,"publisher":{"@id":"https:\/\/dstoulouse.com\/#organization"},"image":{"@id":"https:\/\/dstoulouse.com\/fr\/echange-scolaire-a-la-haye\/#primaryimage"},"thumbnailUrl":"https:\/\/dstoulouse.com\/wp-content\/uploads\/dst_schueleraustausch_deborah_2023.jpg","articleSection":["Ann\u00e9e scolaire 2023\/24","Coll\u00e8ge \/ Lyc\u00e9e","La vie \u00e0 l\u2019\u00e9cole","Schuljahr 2023\/24"],"inLanguage":"fr-FR"},{"@type":"WebPage","@id":"https:\/\/dstoulouse.com\/fr\/echange-scolaire-a-la-haye\/","url":"https:\/\/dstoulouse.com\/fr\/echange-scolaire-a-la-haye\/","name":"Une \u00e9change scolaire \u00e0 La Haye - Deutsche Schule Toulouse: Exzellente Deutsche Auslandsschule mit Kindergarten, Grundschule und weiterf&uuml;hrender Schule","isPartOf":{"@id":"https:\/\/dstoulouse.com\/#website"},"primaryImageOfPage":{"@id":"https:\/\/dstoulouse.com\/fr\/echange-scolaire-a-la-haye\/#primaryimage"},"image":{"@id":"https:\/\/dstoulouse.com\/fr\/echange-scolaire-a-la-haye\/#primaryimage"},"thumbnailUrl":"https:\/\/dstoulouse.com\/wp-content\/uploads\/dst_schueleraustausch_deborah_2023.jpg","datePublished":"2023-11-29T09:01:41+00:00","dateModified":"2023-11-29T09:12:46+00:00","breadcrumb":{"@id":"https:\/\/dstoulouse.com\/fr\/echange-scolaire-a-la-haye\/#breadcrumb"},"inLanguage":"fr-FR","potentialAction":[{"@type":"ReadAction","target":["https:\/\/dstoulouse.com\/fr\/echange-scolaire-a-la-haye\/"]}]},{"@type":"ImageObject","inLanguage":"fr-FR","@id":"https:\/\/dstoulouse.com\/fr\/echange-scolaire-a-la-haye\/#primaryimage","url":"https:\/\/dstoulouse.com\/wp-content\/uploads\/dst_schueleraustausch_deborah_2023.jpg","contentUrl":"https:\/\/dstoulouse.com\/wp-content\/uploads\/dst_schueleraustausch_deborah_2023.jpg","width":750,"height":330,"caption":"Deutsche Schule Toulouse, Sch\u00fcleraustausch M\u00e4dchengruppe"},{"@type":"BreadcrumbList","@id":"https:\/\/dstoulouse.com\/fr\/echange-scolaire-a-la-haye\/#breadcrumb","itemListElement":[{"@type":"ListItem","position":1,"name":"Startseite","item":"https:\/\/dstoulouse.com\/fr\/"},{"@type":"ListItem","position":2,"name":"Une \u00e9change scolaire \u00e0 La Haye"}]},{"@type":"WebSite","@id":"https:\/\/dstoulouse.com\/#website","url":"https:\/\/dstoulouse.com\/","name":"Deutsche Schule Toulouse: Exzellente Deutsche Auslandsschule mit Kindergarten, Grundschule und weiterf&uuml;hrender Schule","description":"Wir bilden das Europa von morgen","publisher":{"@id":"https:\/\/dstoulouse.com\/#organization"},"potentialAction":[{"@type":"SearchAction","target":{"@type":"EntryPoint","urlTemplate":"https:\/\/dstoulouse.com\/?s={search_term_string}"},"query-input":{"@type":"PropertyValueSpecification","valueRequired":true,"valueName":"search_term_string"}}],"inLanguage":"fr-FR"},{"@type":"Organization","@id":"https:\/\/dstoulouse.com\/#organization","name":"Deutsche Schule Toulouse","url":"https:\/\/dstoulouse.com\/","logo":{"@type":"ImageObject","inLanguage":"fr-FR","@id":"https:\/\/dstoulouse.com\/#\/schema\/logo\/image\/","url":"https:\/\/dstoulouse.com\/wp-content\/uploads\/dst-logo.jpg","contentUrl":"https:\/\/dstoulouse.com\/wp-content\/uploads\/dst-logo.jpg","width":149,"height":107,"caption":"Deutsche Schule Toulouse"},"image":{"@id":"https:\/\/dstoulouse.com\/#\/schema\/logo\/image\/"}},{"@type":"Person","@id":"https:\/\/dstoulouse.com\/#\/schema\/person\/0b48fa4e25c55048d6e0bb98b1696975","name":"Nicole KN\u00dcPPEL"}]}},"_links":{"self":[{"href":"https:\/\/dstoulouse.com\/fr\/wp-json\/wp\/v2\/posts\/16687","targetHints":{"allow":["GET"]}}],"collection":[{"href":"https:\/\/dstoulouse.com\/fr\/wp-json\/wp\/v2\/posts"}],"about":[{"href":"https:\/\/dstoulouse.com\/fr\/wp-json\/wp\/v2\/types\/post"}],"author":[{"embeddable":true,"href":"https:\/\/dstoulouse.com\/fr\/wp-json\/wp\/v2\/users\/2"}],"replies":[{"embeddable":true,"href":"https:\/\/dstoulouse.com\/fr\/wp-json\/wp\/v2\/comments?post=16687"}],"version-history":[{"count":0,"href":"https:\/\/dstoulouse.com\/fr\/wp-json\/wp\/v2\/posts\/16687\/revisions"}],"wp:featuredmedia":[{"embeddable":true,"href":"https:\/\/dstoulouse.com\/fr\/wp-json\/wp\/v2\/media\/16679"}],"wp:attachment":[{"href":"https:\/\/dstoulouse.com\/fr\/wp-json\/wp\/v2\/media?parent=16687"}],"wp:term":[{"taxonomy":"category","embeddable":true,"href":"https:\/\/dstoulouse.com\/fr\/wp-json\/wp\/v2\/categories?post=16687"},{"taxonomy":"post_tag","embeddable":true,"href":"https:\/\/dstoulouse.com\/fr\/wp-json\/wp\/v2\/tags?post=16687"}],"curies":[{"name":"wp","href":"https:\/\/api.w.org\/{rel}","templated":true}]}}