{"id":16869,"date":"2023-12-18T15:56:39","date_gmt":"2023-12-18T14:56:39","guid":{"rendered":"https:\/\/dstoulouse.com\/klimaprojektwoche-an-der-weiterfuehrenden-schule\/"},"modified":"2023-12-18T16:02:20","modified_gmt":"2023-12-18T15:02:20","slug":"une-semaine-d-enseignement-dediee-au-climat","status":"publish","type":"post","link":"https:\/\/dstoulouse.com\/fr\/une-semaine-d-enseignement-dediee-au-climat\/","title":{"rendered":"Une semaine d&rsquo;enseignement d\u00e9di\u00e9e au \u00abclimat\u00bb"},"content":{"rendered":"\n<p>C&rsquo;\u00e9tait une premi\u00e8re bien r\u00e9ussie pour nos enseignants et nos \u00e9l\u00e8ves de 6\u00e8me \u00e0 la Terminale.<br>Dans le cadre de notre d\u00e9marche \u00ab Active for Climate \u00bb, nos enseignants ont trait\u00e9 du 4 au 7 d\u00e9cembre dernier le sujet du \u00ab climat \u00bb sous diff\u00e9rentes formes et mani\u00e8res dans leurs cours.<\/p>\n\n\n\n<figure class=\"wp-block-image size-full\"><img loading=\"lazy\" decoding=\"async\" width=\"750\" height=\"500\" src=\"https:\/\/dstoulouse.com\/wp-content\/uploads\/dst_klimaprojektwoche2.jpg\" alt=\"Deutsche Schule Toulouse, Klimaprojektwoche, M\u00e4dchen malt Plakat\" class=\"wp-image-16857\" srcset=\"https:\/\/dstoulouse.com\/wp-content\/uploads\/dst_klimaprojektwoche2.jpg 750w, https:\/\/dstoulouse.com\/wp-content\/uploads\/dst_klimaprojektwoche2-300x200.jpg 300w\" sizes=\"auto, (max-width: 750px) 100vw, 750px\" \/><\/figure>\n\n\n\n<p>Ainsi, ont \u00e9t\u00e9 abord\u00e9s des sujets tels que la pollution cach\u00e9e de l\u00b4internet, la COP 28 via la comparaison d&rsquo;articles parus dans les m\u00e9dias allemand, fran\u00e7ais, anglais, am\u00e9ricain, le changement climatique via la lecture d&rsquo;un article relatif \u00e1 la submersion progressive des \u00eeles Kiribati, la construction d&rsquo;une ville du futur, ou encore la fabrication d&rsquo;une affiche en SVT et l&rsquo;\u00e9criture et la pr\u00e9paration d&rsquo;une pi\u00e8ce de th\u00e9\u00e2tre \u00ab Soif \u00bb en atelier th\u00e9\u00e2tre, l&#8217;empreinte carbone via le calcul de l&#8217;empreinte carbone de son plat pr\u00e9f\u00e9r\u00e9, l&rsquo;observation de son comportement \u201econsommateur\u201c pendant une semaine, ou encore l&rsquo;\u00e9laboration des liens entre la consommation de viande et le CO 2 ainsi que la fabrication d&rsquo;un calendrier de la protection du climat en cours d&rsquo;histoire. Un grand merci \u00e0 nos enseignants pour leur implication et leurs approches ludique, innovative, participative et instructive.<\/p>\n\n\n\n<figure class=\"wp-block-image size-full\"><img loading=\"lazy\" decoding=\"async\" width=\"750\" height=\"500\" src=\"https:\/\/dstoulouse.com\/wp-content\/uploads\/dst_klimaprojektwoche3.jpg\" alt=\"Deutsche Schule Toulouse, Klimaprojektwoche, Junge zeichnet\" class=\"wp-image-16860\" srcset=\"https:\/\/dstoulouse.com\/wp-content\/uploads\/dst_klimaprojektwoche3.jpg 750w, https:\/\/dstoulouse.com\/wp-content\/uploads\/dst_klimaprojektwoche3-300x200.jpg 300w\" sizes=\"auto, (max-width: 750px) 100vw, 750px\" \/><\/figure>\n","protected":false},"excerpt":{"rendered":"<p>C&rsquo;\u00e9tait une premi\u00e8re bien r\u00e9ussie pour nos enseignants et nos \u00e9l\u00e8ves de 6\u00e8me \u00e0 la Terminale.Dans le cadre de notre d\u00e9marche \u00ab Active for Climate \u00bb, nos enseignants ont trait\u00e9&#8230; <\/p>\n<div class=\"clear\"><\/div>\n<p><a href=\"https:\/\/dstoulouse.com\/fr\/une-semaine-d-enseignement-dediee-au-climat\/\" class=\"gdlr-button with-border excerpt-read-more\">En savoir plus<\/a><\/p>\n","protected":false},"author":2,"featured_media":16853,"comment_status":"closed","ping_status":"open","sticky":false,"template":"","format":"standard","meta":{"_EventAllDay":false,"_EventTimezone":"","_EventStartDate":"","_EventEndDate":"","_EventStartDateUTC":"","_EventEndDateUTC":"","_EventShowMap":false,"_EventShowMapLink":false,"_EventURL":"","_EventCost":"","_EventCostDescription":"","_EventCurrencySymbol":"","_EventCurrencyCode":"","_EventCurrencyPosition":"","_EventDateTimeSeparator":"","_EventTimeRangeSeparator":"","_EventOrganizerID":[],"_EventVenueID":[],"_OrganizerEmail":"","_OrganizerPhone":"","_OrganizerWebsite":"","_VenueAddress":"","_VenueCity":"","_VenueCountry":"","_VenueProvince":"","_VenueState":"","_VenueZip":"","_VenuePhone":"","_VenueURL":"","_VenueStateProvince":"","_VenueLat":"","_VenueLng":"","_VenueShowMap":false,"_VenueShowMapLink":false,"iawp_total_views":26,"footnotes":""},"categories":[105,50,45,103],"tags":[],"class_list":["post-16869","post","type-post","status-publish","format-standard","has-post-thumbnail","hentry","category-annee-scolaire-2023-24","category-college-lycee","category-la-vie-a-lecole","category-schuljahr-2023-24-fr"],"yoast_head":"<!-- This site is optimized with the Yoast SEO plugin v27.3 - https:\/\/yoast.com\/product\/yoast-seo-wordpress\/ -->\n<title>Une semaine d&#039;enseignement d\u00e9di\u00e9e au \u00abclimat\u00bb - Deutsche Schule Toulouse: Exzellente Deutsche Auslandsschule mit Kindergarten, Grundschule und weiterf&uuml;hrender Schule<\/title>\n<meta name=\"robots\" content=\"index, follow, max-snippet:-1, max-image-preview:large, max-video-preview:-1\" \/>\n<link rel=\"canonical\" href=\"https:\/\/dstoulouse.com\/fr\/une-semaine-d-enseignement-dediee-au-climat\/\" \/>\n<meta property=\"og:locale\" content=\"fr_FR\" \/>\n<meta property=\"og:type\" content=\"article\" \/>\n<meta property=\"og:title\" content=\"Une semaine d&#039;enseignement d\u00e9di\u00e9e au \u00abclimat\u00bb - Deutsche Schule Toulouse: Exzellente Deutsche Auslandsschule mit Kindergarten, Grundschule und weiterf&uuml;hrender Schule\" \/>\n<meta property=\"og:description\" content=\"C&rsquo;\u00e9tait une premi\u00e8re bien r\u00e9ussie pour nos enseignants et nos \u00e9l\u00e8ves de 6\u00e8me \u00e0 la Terminale.Dans le cadre de notre d\u00e9marche \u00ab Active for Climate \u00bb, nos enseignants ont trait\u00e9... En savoir plus\" \/>\n<meta property=\"og:url\" content=\"https:\/\/dstoulouse.com\/fr\/une-semaine-d-enseignement-dediee-au-climat\/\" \/>\n<meta property=\"og:site_name\" content=\"Deutsche Schule Toulouse: Exzellente Deutsche Auslandsschule mit Kindergarten, Grundschule und weiterf&uuml;hrender Schule\" \/>\n<meta property=\"article:published_time\" content=\"2023-12-18T14:56:39+00:00\" \/>\n<meta property=\"article:modified_time\" content=\"2023-12-18T15:02:20+00:00\" \/>\n<meta property=\"og:image\" content=\"https:\/\/dstoulouse.com\/wp-content\/uploads\/dst_klimaprojektwoche_titel.jpg\" \/>\n\t<meta property=\"og:image:width\" content=\"750\" \/>\n\t<meta property=\"og:image:height\" content=\"330\" \/>\n\t<meta property=\"og:image:type\" content=\"image\/jpeg\" \/>\n<meta name=\"author\" content=\"Nicole KN\u00dcPPEL\" \/>\n<meta name=\"twitter:card\" content=\"summary_large_image\" \/>\n<meta name=\"twitter:label1\" content=\"\u00c9crit par\" \/>\n\t<meta name=\"twitter:data1\" content=\"Nicole KN\u00dcPPEL\" \/>\n\t<meta name=\"twitter:label2\" content=\"Dur\u00e9e de lecture estim\u00e9e\" \/>\n\t<meta name=\"twitter:data2\" content=\"2 minutes\" \/>\n<script type=\"application\/ld+json\" class=\"yoast-schema-graph\">{\"@context\":\"https:\\\/\\\/schema.org\",\"@graph\":[{\"@type\":\"Article\",\"@id\":\"https:\\\/\\\/dstoulouse.com\\\/fr\\\/une-semaine-d-enseignement-dediee-au-climat\\\/#article\",\"isPartOf\":{\"@id\":\"https:\\\/\\\/dstoulouse.com\\\/fr\\\/une-semaine-d-enseignement-dediee-au-climat\\\/\"},\"author\":{\"name\":\"Nicole KN\u00dcPPEL\",\"@id\":\"https:\\\/\\\/dstoulouse.com\\\/#\\\/schema\\\/person\\\/0b48fa4e25c55048d6e0bb98b1696975\"},\"headline\":\"Une semaine d&rsquo;enseignement d\u00e9di\u00e9e au \u00abclimat\u00bb\",\"datePublished\":\"2023-12-18T14:56:39+00:00\",\"dateModified\":\"2023-12-18T15:02:20+00:00\",\"mainEntityOfPage\":{\"@id\":\"https:\\\/\\\/dstoulouse.com\\\/fr\\\/une-semaine-d-enseignement-dediee-au-climat\\\/\"},\"wordCount\":217,\"publisher\":{\"@id\":\"https:\\\/\\\/dstoulouse.com\\\/#organization\"},\"image\":{\"@id\":\"https:\\\/\\\/dstoulouse.com\\\/fr\\\/une-semaine-d-enseignement-dediee-au-climat\\\/#primaryimage\"},\"thumbnailUrl\":\"https:\\\/\\\/dstoulouse.com\\\/wp-content\\\/uploads\\\/dst_klimaprojektwoche_titel.jpg\",\"articleSection\":[\"Ann\u00e9e scolaire 2023\\\/24\",\"Coll\u00e8ge \\\/ Lyc\u00e9e\",\"La vie \u00e0 l\u2019\u00e9cole\",\"Schuljahr 2023\\\/24\"],\"inLanguage\":\"fr-FR\"},{\"@type\":\"WebPage\",\"@id\":\"https:\\\/\\\/dstoulouse.com\\\/fr\\\/une-semaine-d-enseignement-dediee-au-climat\\\/\",\"url\":\"https:\\\/\\\/dstoulouse.com\\\/fr\\\/une-semaine-d-enseignement-dediee-au-climat\\\/\",\"name\":\"Une semaine d'enseignement d\u00e9di\u00e9e au \u00abclimat\u00bb - Deutsche Schule Toulouse: Exzellente Deutsche Auslandsschule mit Kindergarten, Grundschule und weiterf&uuml;hrender Schule\",\"isPartOf\":{\"@id\":\"https:\\\/\\\/dstoulouse.com\\\/#website\"},\"primaryImageOfPage\":{\"@id\":\"https:\\\/\\\/dstoulouse.com\\\/fr\\\/une-semaine-d-enseignement-dediee-au-climat\\\/#primaryimage\"},\"image\":{\"@id\":\"https:\\\/\\\/dstoulouse.com\\\/fr\\\/une-semaine-d-enseignement-dediee-au-climat\\\/#primaryimage\"},\"thumbnailUrl\":\"https:\\\/\\\/dstoulouse.com\\\/wp-content\\\/uploads\\\/dst_klimaprojektwoche_titel.jpg\",\"datePublished\":\"2023-12-18T14:56:39+00:00\",\"dateModified\":\"2023-12-18T15:02:20+00:00\",\"breadcrumb\":{\"@id\":\"https:\\\/\\\/dstoulouse.com\\\/fr\\\/une-semaine-d-enseignement-dediee-au-climat\\\/#breadcrumb\"},\"inLanguage\":\"fr-FR\",\"potentialAction\":[{\"@type\":\"ReadAction\",\"target\":[\"https:\\\/\\\/dstoulouse.com\\\/fr\\\/une-semaine-d-enseignement-dediee-au-climat\\\/\"]}]},{\"@type\":\"ImageObject\",\"inLanguage\":\"fr-FR\",\"@id\":\"https:\\\/\\\/dstoulouse.com\\\/fr\\\/une-semaine-d-enseignement-dediee-au-climat\\\/#primaryimage\",\"url\":\"https:\\\/\\\/dstoulouse.com\\\/wp-content\\\/uploads\\\/dst_klimaprojektwoche_titel.jpg\",\"contentUrl\":\"https:\\\/\\\/dstoulouse.com\\\/wp-content\\\/uploads\\\/dst_klimaprojektwoche_titel.jpg\",\"width\":750,\"height\":330,\"caption\":\"Deutsche Schule Toulouse, Klimaprojektwoche, Plakat zum Thema Wald\"},{\"@type\":\"BreadcrumbList\",\"@id\":\"https:\\\/\\\/dstoulouse.com\\\/fr\\\/une-semaine-d-enseignement-dediee-au-climat\\\/#breadcrumb\",\"itemListElement\":[{\"@type\":\"ListItem\",\"position\":1,\"name\":\"Startseite\",\"item\":\"https:\\\/\\\/dstoulouse.com\\\/fr\\\/\"},{\"@type\":\"ListItem\",\"position\":2,\"name\":\"Une semaine d&#8217;enseignement d\u00e9di\u00e9e au \u00abclimat\u00bb\"}]},{\"@type\":\"WebSite\",\"@id\":\"https:\\\/\\\/dstoulouse.com\\\/#website\",\"url\":\"https:\\\/\\\/dstoulouse.com\\\/\",\"name\":\"Deutsche Schule Toulouse: Exzellente Deutsche Auslandsschule mit Kindergarten, Grundschule und weiterf&uuml;hrender Schule\",\"description\":\"Wir bilden das Europa von morgen\",\"publisher\":{\"@id\":\"https:\\\/\\\/dstoulouse.com\\\/#organization\"},\"potentialAction\":[{\"@type\":\"SearchAction\",\"target\":{\"@type\":\"EntryPoint\",\"urlTemplate\":\"https:\\\/\\\/dstoulouse.com\\\/?s={search_term_string}\"},\"query-input\":{\"@type\":\"PropertyValueSpecification\",\"valueRequired\":true,\"valueName\":\"search_term_string\"}}],\"inLanguage\":\"fr-FR\"},{\"@type\":\"Organization\",\"@id\":\"https:\\\/\\\/dstoulouse.com\\\/#organization\",\"name\":\"Deutsche Schule Toulouse\",\"url\":\"https:\\\/\\\/dstoulouse.com\\\/\",\"logo\":{\"@type\":\"ImageObject\",\"inLanguage\":\"fr-FR\",\"@id\":\"https:\\\/\\\/dstoulouse.com\\\/#\\\/schema\\\/logo\\\/image\\\/\",\"url\":\"https:\\\/\\\/dstoulouse.com\\\/wp-content\\\/uploads\\\/dst-logo.jpg\",\"contentUrl\":\"https:\\\/\\\/dstoulouse.com\\\/wp-content\\\/uploads\\\/dst-logo.jpg\",\"width\":149,\"height\":107,\"caption\":\"Deutsche Schule Toulouse\"},\"image\":{\"@id\":\"https:\\\/\\\/dstoulouse.com\\\/#\\\/schema\\\/logo\\\/image\\\/\"}},{\"@type\":\"Person\",\"@id\":\"https:\\\/\\\/dstoulouse.com\\\/#\\\/schema\\\/person\\\/0b48fa4e25c55048d6e0bb98b1696975\",\"name\":\"Nicole KN\u00dcPPEL\"}]}<\/script>\n<!-- \/ Yoast SEO plugin. -->","yoast_head_json":{"title":"Une semaine d'enseignement d\u00e9di\u00e9e au \u00abclimat\u00bb - Deutsche Schule Toulouse: Exzellente Deutsche Auslandsschule mit Kindergarten, Grundschule und weiterf&uuml;hrender Schule","robots":{"index":"index","follow":"follow","max-snippet":"max-snippet:-1","max-image-preview":"max-image-preview:large","max-video-preview":"max-video-preview:-1"},"canonical":"https:\/\/dstoulouse.com\/fr\/une-semaine-d-enseignement-dediee-au-climat\/","og_locale":"fr_FR","og_type":"article","og_title":"Une semaine d'enseignement d\u00e9di\u00e9e au \u00abclimat\u00bb - Deutsche Schule Toulouse: Exzellente Deutsche Auslandsschule mit Kindergarten, Grundschule und weiterf&uuml;hrender Schule","og_description":"C&rsquo;\u00e9tait une premi\u00e8re bien r\u00e9ussie pour nos enseignants et nos \u00e9l\u00e8ves de 6\u00e8me \u00e0 la Terminale.Dans le cadre de notre d\u00e9marche \u00ab Active for Climate \u00bb, nos enseignants ont trait\u00e9... En savoir plus","og_url":"https:\/\/dstoulouse.com\/fr\/une-semaine-d-enseignement-dediee-au-climat\/","og_site_name":"Deutsche Schule Toulouse: Exzellente Deutsche Auslandsschule mit Kindergarten, Grundschule und weiterf&uuml;hrender Schule","article_published_time":"2023-12-18T14:56:39+00:00","article_modified_time":"2023-12-18T15:02:20+00:00","og_image":[{"width":750,"height":330,"url":"https:\/\/dstoulouse.com\/wp-content\/uploads\/dst_klimaprojektwoche_titel.jpg","type":"image\/jpeg"}],"author":"Nicole KN\u00dcPPEL","twitter_card":"summary_large_image","twitter_misc":{"\u00c9crit par":"Nicole KN\u00dcPPEL","Dur\u00e9e de lecture estim\u00e9e":"2 minutes"},"schema":{"@context":"https:\/\/schema.org","@graph":[{"@type":"Article","@id":"https:\/\/dstoulouse.com\/fr\/une-semaine-d-enseignement-dediee-au-climat\/#article","isPartOf":{"@id":"https:\/\/dstoulouse.com\/fr\/une-semaine-d-enseignement-dediee-au-climat\/"},"author":{"name":"Nicole KN\u00dcPPEL","@id":"https:\/\/dstoulouse.com\/#\/schema\/person\/0b48fa4e25c55048d6e0bb98b1696975"},"headline":"Une semaine d&rsquo;enseignement d\u00e9di\u00e9e au \u00abclimat\u00bb","datePublished":"2023-12-18T14:56:39+00:00","dateModified":"2023-12-18T15:02:20+00:00","mainEntityOfPage":{"@id":"https:\/\/dstoulouse.com\/fr\/une-semaine-d-enseignement-dediee-au-climat\/"},"wordCount":217,"publisher":{"@id":"https:\/\/dstoulouse.com\/#organization"},"image":{"@id":"https:\/\/dstoulouse.com\/fr\/une-semaine-d-enseignement-dediee-au-climat\/#primaryimage"},"thumbnailUrl":"https:\/\/dstoulouse.com\/wp-content\/uploads\/dst_klimaprojektwoche_titel.jpg","articleSection":["Ann\u00e9e scolaire 2023\/24","Coll\u00e8ge \/ Lyc\u00e9e","La vie \u00e0 l\u2019\u00e9cole","Schuljahr 2023\/24"],"inLanguage":"fr-FR"},{"@type":"WebPage","@id":"https:\/\/dstoulouse.com\/fr\/une-semaine-d-enseignement-dediee-au-climat\/","url":"https:\/\/dstoulouse.com\/fr\/une-semaine-d-enseignement-dediee-au-climat\/","name":"Une semaine d'enseignement d\u00e9di\u00e9e au \u00abclimat\u00bb - Deutsche Schule Toulouse: Exzellente Deutsche Auslandsschule mit Kindergarten, Grundschule und weiterf&uuml;hrender Schule","isPartOf":{"@id":"https:\/\/dstoulouse.com\/#website"},"primaryImageOfPage":{"@id":"https:\/\/dstoulouse.com\/fr\/une-semaine-d-enseignement-dediee-au-climat\/#primaryimage"},"image":{"@id":"https:\/\/dstoulouse.com\/fr\/une-semaine-d-enseignement-dediee-au-climat\/#primaryimage"},"thumbnailUrl":"https:\/\/dstoulouse.com\/wp-content\/uploads\/dst_klimaprojektwoche_titel.jpg","datePublished":"2023-12-18T14:56:39+00:00","dateModified":"2023-12-18T15:02:20+00:00","breadcrumb":{"@id":"https:\/\/dstoulouse.com\/fr\/une-semaine-d-enseignement-dediee-au-climat\/#breadcrumb"},"inLanguage":"fr-FR","potentialAction":[{"@type":"ReadAction","target":["https:\/\/dstoulouse.com\/fr\/une-semaine-d-enseignement-dediee-au-climat\/"]}]},{"@type":"ImageObject","inLanguage":"fr-FR","@id":"https:\/\/dstoulouse.com\/fr\/une-semaine-d-enseignement-dediee-au-climat\/#primaryimage","url":"https:\/\/dstoulouse.com\/wp-content\/uploads\/dst_klimaprojektwoche_titel.jpg","contentUrl":"https:\/\/dstoulouse.com\/wp-content\/uploads\/dst_klimaprojektwoche_titel.jpg","width":750,"height":330,"caption":"Deutsche Schule Toulouse, Klimaprojektwoche, Plakat zum Thema Wald"},{"@type":"BreadcrumbList","@id":"https:\/\/dstoulouse.com\/fr\/une-semaine-d-enseignement-dediee-au-climat\/#breadcrumb","itemListElement":[{"@type":"ListItem","position":1,"name":"Startseite","item":"https:\/\/dstoulouse.com\/fr\/"},{"@type":"ListItem","position":2,"name":"Une semaine d&#8217;enseignement d\u00e9di\u00e9e au \u00abclimat\u00bb"}]},{"@type":"WebSite","@id":"https:\/\/dstoulouse.com\/#website","url":"https:\/\/dstoulouse.com\/","name":"Deutsche Schule Toulouse: Exzellente Deutsche Auslandsschule mit Kindergarten, Grundschule und weiterf&uuml;hrender Schule","description":"Wir bilden das Europa von morgen","publisher":{"@id":"https:\/\/dstoulouse.com\/#organization"},"potentialAction":[{"@type":"SearchAction","target":{"@type":"EntryPoint","urlTemplate":"https:\/\/dstoulouse.com\/?s={search_term_string}"},"query-input":{"@type":"PropertyValueSpecification","valueRequired":true,"valueName":"search_term_string"}}],"inLanguage":"fr-FR"},{"@type":"Organization","@id":"https:\/\/dstoulouse.com\/#organization","name":"Deutsche Schule Toulouse","url":"https:\/\/dstoulouse.com\/","logo":{"@type":"ImageObject","inLanguage":"fr-FR","@id":"https:\/\/dstoulouse.com\/#\/schema\/logo\/image\/","url":"https:\/\/dstoulouse.com\/wp-content\/uploads\/dst-logo.jpg","contentUrl":"https:\/\/dstoulouse.com\/wp-content\/uploads\/dst-logo.jpg","width":149,"height":107,"caption":"Deutsche Schule Toulouse"},"image":{"@id":"https:\/\/dstoulouse.com\/#\/schema\/logo\/image\/"}},{"@type":"Person","@id":"https:\/\/dstoulouse.com\/#\/schema\/person\/0b48fa4e25c55048d6e0bb98b1696975","name":"Nicole KN\u00dcPPEL"}]}},"_links":{"self":[{"href":"https:\/\/dstoulouse.com\/fr\/wp-json\/wp\/v2\/posts\/16869","targetHints":{"allow":["GET"]}}],"collection":[{"href":"https:\/\/dstoulouse.com\/fr\/wp-json\/wp\/v2\/posts"}],"about":[{"href":"https:\/\/dstoulouse.com\/fr\/wp-json\/wp\/v2\/types\/post"}],"author":[{"embeddable":true,"href":"https:\/\/dstoulouse.com\/fr\/wp-json\/wp\/v2\/users\/2"}],"replies":[{"embeddable":true,"href":"https:\/\/dstoulouse.com\/fr\/wp-json\/wp\/v2\/comments?post=16869"}],"version-history":[{"count":1,"href":"https:\/\/dstoulouse.com\/fr\/wp-json\/wp\/v2\/posts\/16869\/revisions"}],"predecessor-version":[{"id":16871,"href":"https:\/\/dstoulouse.com\/fr\/wp-json\/wp\/v2\/posts\/16869\/revisions\/16871"}],"wp:featuredmedia":[{"embeddable":true,"href":"https:\/\/dstoulouse.com\/fr\/wp-json\/wp\/v2\/media\/16853"}],"wp:attachment":[{"href":"https:\/\/dstoulouse.com\/fr\/wp-json\/wp\/v2\/media?parent=16869"}],"wp:term":[{"taxonomy":"category","embeddable":true,"href":"https:\/\/dstoulouse.com\/fr\/wp-json\/wp\/v2\/categories?post=16869"},{"taxonomy":"post_tag","embeddable":true,"href":"https:\/\/dstoulouse.com\/fr\/wp-json\/wp\/v2\/tags?post=16869"}],"curies":[{"name":"wp","href":"https:\/\/api.w.org\/{rel}","templated":true}]}}