{"id":17958,"date":"2024-04-26T15:57:53","date_gmt":"2024-04-26T13:57:53","guid":{"rendered":"https:\/\/dstoulouse.com\/welttag-des-buches-2024-an-der-dst\/"},"modified":"2024-04-26T16:05:52","modified_gmt":"2024-04-26T14:05:52","slug":"journee-mondiale-du-livre-2024-ecole-elementaire","status":"publish","type":"post","link":"https:\/\/dstoulouse.com\/fr\/journee-mondiale-du-livre-2024-ecole-elementaire\/","title":{"rendered":"Une Journ\u00e9e Mondiale du Livre 2024 inoubliable \u00e0 l&rsquo;Ecole El\u00e9mentaire"},"content":{"rendered":"\n<p>Passionnant et informatif ! &#8211; Cette ann\u00e9e, le livre sp\u00e9cialis\u00e9 fut \u00e0 l&rsquo;honneur lors de la Journ\u00e9e mondiale du livre 2024 \u00e0 notre Ecole El\u00e9mentaire.<\/p>\n\n\n\n<p><strong>Un \u00e9change bilingue<\/strong><br>C&rsquo;est \u00e0 un \u00e9change bilingue avec nos \u00e9l\u00e8ves de CM2 et ceux de notre \u00e9cole partenaire Lucie Aubrac \u00e0 Colomiers auquel se sont pr\u00eat\u00e9s les auteurs Alexandre Cabeau-Richard et Britta Vorbach. Ensemble, ils ont partag\u00e9 avec leur jeune public le processus de cr\u00e9ation de leurs livres et ont r\u00e9pondu avec pr\u00e9cision aux questions pr\u00e9par\u00e9es par les \u00e9l\u00e8ves dans leurs langues respectives. Alexandre Cabeau-Richard \u00e9crit des livres pour enfants et adolescents sur l&rsquo;histoire et la philosophie et les publie lui-m\u00eame (<a href=\"https:\/\/www.editions-librement.fr\">https:\/\/www.editions-librement.fr<\/a>\/) ; Britta Vorbach, qui travaille en duo avec Annett St\u00fctze, \u00e9crit des livres sur la nature et les animaux ainsi que pour de jeunes lecteurs-d\u00e9butants (<a href=\"https:\/\/www.stuetzevorbach.com\">https:\/\/www.stuetzevorbach.com<\/a>\/ ; elle collabore avec diff\u00e9rentes maisons d&rsquo;\u00e9dition et illustratrices.<\/p>\n\n\n\n<figure class=\"wp-block-image size-full\"><img loading=\"lazy\" decoding=\"async\" width=\"750\" height=\"500\" src=\"https:\/\/dstoulouse.com\/wp-content\/uploads\/dst_welttagdesbuches_2024_1.jpg\" alt=\"Deutsche Schule Toulouse, Welttag des Buches Alexandre Cabeau-Richard, Britta Vorbach und Annett St\u00fctze\" class=\"wp-image-17944\" srcset=\"https:\/\/dstoulouse.com\/wp-content\/uploads\/dst_welttagdesbuches_2024_1.jpg 750w, https:\/\/dstoulouse.com\/wp-content\/uploads\/dst_welttagdesbuches_2024_1-300x200.jpg 300w\" sizes=\"auto, (max-width: 750px) 100vw, 750px\" \/><\/figure>\n\n\n\n<p><strong>\u00ab Sorti de l&rsquo;\u0153uf \u00bb<\/strong><br>L&rsquo;histoire \u00abL&rsquo;\u0153uf myst\u00e9rieux du dragon \u00bb, \u00e9crit pour les jeunes lecteurs d\u00e9butants et dont l&rsquo;\u00e9crivaine Britta Vorbach a fait la lecture aux enfants du CP et du CE 1 n&rsquo;est pas un livre sp\u00e9cialis\u00e9 mais permet, toutefois, d&rsquo;apprendre des d\u00e9tails sur des animaux. Pendant la lecture, les enfants furent appel\u00e9s \u00e0 interagir r\u00e9guli\u00e8rement avec l&rsquo;auteur jusqu\u00b4\u00e0 d\u00e9couvrir en fin d&rsquo;histoire le contenu de l&rsquo;\u0153uf apport\u00e9 par l&rsquo;autrice !<\/p>\n\n\n\n<figure class=\"wp-block-image size-full\"><img loading=\"lazy\" decoding=\"async\" width=\"750\" height=\"500\" src=\"https:\/\/dstoulouse.com\/wp-content\/uploads\/dst_welttagdesbuches_2024_2.jpg\" alt=\"Deutsche Schule Toulouse, Welttag des Buches Alexandre Cabeau-Richard, Britta Vorbach und Annett St\u00fctze\" class=\"wp-image-17941\" srcset=\"https:\/\/dstoulouse.com\/wp-content\/uploads\/dst_welttagdesbuches_2024_2.jpg 750w, https:\/\/dstoulouse.com\/wp-content\/uploads\/dst_welttagdesbuches_2024_2-300x200.jpg 300w\" sizes=\"auto, (max-width: 750px) 100vw, 750px\" \/><\/figure>\n\n\n\n<p><strong>\u00ab Ouvrez grands les yeux dans la for\u00eat ! \u00bb<\/strong><br>Le chat sauvage est un animal craintif que l&rsquo;on trouve aussi bien en Allemagne qu&rsquo;en France. Les aventures d\u00b4une famille de chat dans \u00ab Le chat sauvage \u2013 une histoire et un livre sp\u00e9cialis\u00e9 \u00bb du duo d&rsquo;auteurs St\u00fctze &amp; Vorbach a captiv\u00e9 nos \u00e9l\u00e8ves de CE2 et CM 1. Aussi, et gr\u00e2ce \u00e0 l&rsquo;autrice Britta Vorbach, les enfants ont essay\u00e9 de se mettre \u00e0 la place des chats lorsque des arbres sont abattus dans la for\u00eat ou qu&rsquo;une autoroute coupe leur trajet ; ils ont \u00e9galement \u00e9t\u00e9 amen\u00e9s \u00e0 deviner le sens du langage corporel du chat et ont d\u00e9couvert avec passion la mani\u00e8re dont la lumi\u00e8re et l&rsquo;humeur de l&rsquo;animal modifient ses pupilles.<\/p>\n\n\n\n<figure class=\"wp-block-image size-full\"><img loading=\"lazy\" decoding=\"async\" width=\"750\" height=\"500\" src=\"https:\/\/dstoulouse.com\/wp-content\/uploads\/dst_welttagdesbuches_2024_3.jpg\" alt=\"Deutsche Schule Toulouse, Welttag des Buches Alexandre Cabeau-Richard, Britta Vorbach und Annett St\u00fctze\" class=\"wp-image-17950\" srcset=\"https:\/\/dstoulouse.com\/wp-content\/uploads\/dst_welttagdesbuches_2024_3.jpg 750w, https:\/\/dstoulouse.com\/wp-content\/uploads\/dst_welttagdesbuches_2024_3-300x200.jpg 300w\" sizes=\"auto, (max-width: 750px) 100vw, 750px\" \/><\/figure>\n\n\n\n<p>Un moment riche d&rsquo;\u00e9motions et de d\u00e9couvertes qui est pass\u00e9 bien trop vite !<br>Un grand merci aux auteurs pour cette magnifique journ\u00e9e mondiale du livre qui restera longtemps dans les souvenirs de nos \u00e9l\u00e8ves !<\/p>\n","protected":false},"excerpt":{"rendered":"<p>Passionnant et informatif ! &#8211; Cette ann\u00e9e, le livre sp\u00e9cialis\u00e9 fut \u00e0 l&rsquo;honneur lors de la Journ\u00e9e mondiale du livre 2024 \u00e0 notre Ecole El\u00e9mentaire. Un \u00e9change bilingueC&rsquo;est \u00e0 un&#8230; <\/p>\n<div class=\"clear\"><\/div>\n<p><a href=\"https:\/\/dstoulouse.com\/fr\/journee-mondiale-du-livre-2024-ecole-elementaire\/\" class=\"gdlr-button with-border excerpt-read-more\">En savoir plus<\/a><\/p>\n","protected":false},"author":2,"featured_media":17949,"comment_status":"closed","ping_status":"open","sticky":false,"template":"","format":"standard","meta":{"_EventAllDay":false,"_EventTimezone":"","_EventStartDate":"","_EventEndDate":"","_EventStartDateUTC":"","_EventEndDateUTC":"","_EventShowMap":false,"_EventShowMapLink":false,"_EventURL":"","_EventCost":"","_EventCostDescription":"","_EventCurrencySymbol":"","_EventCurrencyCode":"","_EventCurrencyPosition":"","_EventDateTimeSeparator":"","_EventTimeRangeSeparator":"","_EventOrganizerID":[],"_EventVenueID":[],"_OrganizerEmail":"","_OrganizerPhone":"","_OrganizerWebsite":"","_VenueAddress":"","_VenueCity":"","_VenueCountry":"","_VenueProvince":"","_VenueState":"","_VenueZip":"","_VenuePhone":"","_VenueURL":"","_VenueStateProvince":"","_VenueLat":"","_VenueLng":"","_VenueShowMap":false,"_VenueShowMapLink":false,"iawp_total_views":12,"footnotes":""},"categories":[45],"tags":[],"class_list":["post-17958","post","type-post","status-publish","format-standard","has-post-thumbnail","hentry","category-la-vie-a-lecole"],"yoast_head":"<!-- This site is optimized with the Yoast SEO plugin v27.3 - https:\/\/yoast.com\/product\/yoast-seo-wordpress\/ -->\n<title>Une Journ\u00e9e Mondiale du Livre 2024 inoubliable \u00e0 l&#039;Ecole El\u00e9mentaire - Deutsche Schule Toulouse: Exzellente Deutsche Auslandsschule mit Kindergarten, Grundschule und weiterf&uuml;hrender Schule<\/title>\n<meta name=\"robots\" content=\"index, follow, max-snippet:-1, max-image-preview:large, max-video-preview:-1\" \/>\n<link rel=\"canonical\" href=\"https:\/\/dstoulouse.com\/fr\/journee-mondiale-du-livre-2024-ecole-elementaire\/\" \/>\n<meta property=\"og:locale\" content=\"fr_FR\" \/>\n<meta property=\"og:type\" content=\"article\" \/>\n<meta property=\"og:title\" content=\"Une Journ\u00e9e Mondiale du Livre 2024 inoubliable \u00e0 l&#039;Ecole El\u00e9mentaire - Deutsche Schule Toulouse: Exzellente Deutsche Auslandsschule mit Kindergarten, Grundschule und weiterf&uuml;hrender Schule\" \/>\n<meta property=\"og:description\" content=\"Passionnant et informatif ! &#8211; Cette ann\u00e9e, le livre sp\u00e9cialis\u00e9 fut \u00e0 l&rsquo;honneur lors de la Journ\u00e9e mondiale du livre 2024 \u00e0 notre Ecole El\u00e9mentaire. Un \u00e9change bilingueC&rsquo;est \u00e0 un... En savoir plus\" \/>\n<meta property=\"og:url\" content=\"https:\/\/dstoulouse.com\/fr\/journee-mondiale-du-livre-2024-ecole-elementaire\/\" \/>\n<meta property=\"og:site_name\" content=\"Deutsche Schule Toulouse: Exzellente Deutsche Auslandsschule mit Kindergarten, Grundschule und weiterf&uuml;hrender Schule\" \/>\n<meta property=\"article:published_time\" content=\"2024-04-26T13:57:53+00:00\" \/>\n<meta property=\"article:modified_time\" content=\"2024-04-26T14:05:52+00:00\" \/>\n<meta property=\"og:image\" content=\"https:\/\/dstoulouse.com\/wp-content\/uploads\/dst_welttagdesbuches_2024_titel.jpg\" \/>\n\t<meta property=\"og:image:width\" content=\"750\" \/>\n\t<meta property=\"og:image:height\" content=\"330\" \/>\n\t<meta property=\"og:image:type\" content=\"image\/jpeg\" \/>\n<meta name=\"author\" content=\"Nicole KN\u00dcPPEL\" \/>\n<meta name=\"twitter:card\" content=\"summary_large_image\" \/>\n<meta name=\"twitter:label1\" content=\"\u00c9crit par\" \/>\n\t<meta name=\"twitter:data1\" content=\"Nicole KN\u00dcPPEL\" \/>\n\t<meta name=\"twitter:label2\" content=\"Dur\u00e9e de lecture estim\u00e9e\" \/>\n\t<meta name=\"twitter:data2\" content=\"3 minutes\" \/>\n<script type=\"application\/ld+json\" class=\"yoast-schema-graph\">{\"@context\":\"https:\\\/\\\/schema.org\",\"@graph\":[{\"@type\":\"Article\",\"@id\":\"https:\\\/\\\/dstoulouse.com\\\/fr\\\/journee-mondiale-du-livre-2024-ecole-elementaire\\\/#article\",\"isPartOf\":{\"@id\":\"https:\\\/\\\/dstoulouse.com\\\/fr\\\/journee-mondiale-du-livre-2024-ecole-elementaire\\\/\"},\"author\":{\"name\":\"Nicole KN\u00dcPPEL\",\"@id\":\"https:\\\/\\\/dstoulouse.com\\\/#\\\/schema\\\/person\\\/0b48fa4e25c55048d6e0bb98b1696975\"},\"headline\":\"Une Journ\u00e9e Mondiale du Livre 2024 inoubliable \u00e0 l&rsquo;Ecole El\u00e9mentaire\",\"datePublished\":\"2024-04-26T13:57:53+00:00\",\"dateModified\":\"2024-04-26T14:05:52+00:00\",\"mainEntityOfPage\":{\"@id\":\"https:\\\/\\\/dstoulouse.com\\\/fr\\\/journee-mondiale-du-livre-2024-ecole-elementaire\\\/\"},\"wordCount\":428,\"publisher\":{\"@id\":\"https:\\\/\\\/dstoulouse.com\\\/#organization\"},\"image\":{\"@id\":\"https:\\\/\\\/dstoulouse.com\\\/fr\\\/journee-mondiale-du-livre-2024-ecole-elementaire\\\/#primaryimage\"},\"thumbnailUrl\":\"https:\\\/\\\/dstoulouse.com\\\/wp-content\\\/uploads\\\/dst_welttagdesbuches_2024_titel.jpg\",\"articleSection\":[\"La vie \u00e0 l\u2019\u00e9cole\"],\"inLanguage\":\"fr-FR\"},{\"@type\":\"WebPage\",\"@id\":\"https:\\\/\\\/dstoulouse.com\\\/fr\\\/journee-mondiale-du-livre-2024-ecole-elementaire\\\/\",\"url\":\"https:\\\/\\\/dstoulouse.com\\\/fr\\\/journee-mondiale-du-livre-2024-ecole-elementaire\\\/\",\"name\":\"Une Journ\u00e9e Mondiale du Livre 2024 inoubliable \u00e0 l'Ecole El\u00e9mentaire - Deutsche Schule Toulouse: Exzellente Deutsche Auslandsschule mit Kindergarten, Grundschule und weiterf&uuml;hrender Schule\",\"isPartOf\":{\"@id\":\"https:\\\/\\\/dstoulouse.com\\\/#website\"},\"primaryImageOfPage\":{\"@id\":\"https:\\\/\\\/dstoulouse.com\\\/fr\\\/journee-mondiale-du-livre-2024-ecole-elementaire\\\/#primaryimage\"},\"image\":{\"@id\":\"https:\\\/\\\/dstoulouse.com\\\/fr\\\/journee-mondiale-du-livre-2024-ecole-elementaire\\\/#primaryimage\"},\"thumbnailUrl\":\"https:\\\/\\\/dstoulouse.com\\\/wp-content\\\/uploads\\\/dst_welttagdesbuches_2024_titel.jpg\",\"datePublished\":\"2024-04-26T13:57:53+00:00\",\"dateModified\":\"2024-04-26T14:05:52+00:00\",\"breadcrumb\":{\"@id\":\"https:\\\/\\\/dstoulouse.com\\\/fr\\\/journee-mondiale-du-livre-2024-ecole-elementaire\\\/#breadcrumb\"},\"inLanguage\":\"fr-FR\",\"potentialAction\":[{\"@type\":\"ReadAction\",\"target\":[\"https:\\\/\\\/dstoulouse.com\\\/fr\\\/journee-mondiale-du-livre-2024-ecole-elementaire\\\/\"]}]},{\"@type\":\"ImageObject\",\"inLanguage\":\"fr-FR\",\"@id\":\"https:\\\/\\\/dstoulouse.com\\\/fr\\\/journee-mondiale-du-livre-2024-ecole-elementaire\\\/#primaryimage\",\"url\":\"https:\\\/\\\/dstoulouse.com\\\/wp-content\\\/uploads\\\/dst_welttagdesbuches_2024_titel.jpg\",\"contentUrl\":\"https:\\\/\\\/dstoulouse.com\\\/wp-content\\\/uploads\\\/dst_welttagdesbuches_2024_titel.jpg\",\"width\":750,\"height\":330,\"caption\":\"Deutsche Schule Toulouse, Welttag des Buches Alexandre Cabeau-Richard, Britta Vorbach und Annett St\u00fctze\"},{\"@type\":\"BreadcrumbList\",\"@id\":\"https:\\\/\\\/dstoulouse.com\\\/fr\\\/journee-mondiale-du-livre-2024-ecole-elementaire\\\/#breadcrumb\",\"itemListElement\":[{\"@type\":\"ListItem\",\"position\":1,\"name\":\"Startseite\",\"item\":\"https:\\\/\\\/dstoulouse.com\\\/fr\\\/\"},{\"@type\":\"ListItem\",\"position\":2,\"name\":\"Une Journ\u00e9e Mondiale du Livre 2024 inoubliable \u00e0 l&#8217;Ecole El\u00e9mentaire\"}]},{\"@type\":\"WebSite\",\"@id\":\"https:\\\/\\\/dstoulouse.com\\\/#website\",\"url\":\"https:\\\/\\\/dstoulouse.com\\\/\",\"name\":\"Deutsche Schule Toulouse: Exzellente Deutsche Auslandsschule mit Kindergarten, Grundschule und weiterf&uuml;hrender Schule\",\"description\":\"Wir bilden das Europa von morgen\",\"publisher\":{\"@id\":\"https:\\\/\\\/dstoulouse.com\\\/#organization\"},\"potentialAction\":[{\"@type\":\"SearchAction\",\"target\":{\"@type\":\"EntryPoint\",\"urlTemplate\":\"https:\\\/\\\/dstoulouse.com\\\/?s={search_term_string}\"},\"query-input\":{\"@type\":\"PropertyValueSpecification\",\"valueRequired\":true,\"valueName\":\"search_term_string\"}}],\"inLanguage\":\"fr-FR\"},{\"@type\":\"Organization\",\"@id\":\"https:\\\/\\\/dstoulouse.com\\\/#organization\",\"name\":\"Deutsche Schule Toulouse\",\"url\":\"https:\\\/\\\/dstoulouse.com\\\/\",\"logo\":{\"@type\":\"ImageObject\",\"inLanguage\":\"fr-FR\",\"@id\":\"https:\\\/\\\/dstoulouse.com\\\/#\\\/schema\\\/logo\\\/image\\\/\",\"url\":\"https:\\\/\\\/dstoulouse.com\\\/wp-content\\\/uploads\\\/dst-logo.jpg\",\"contentUrl\":\"https:\\\/\\\/dstoulouse.com\\\/wp-content\\\/uploads\\\/dst-logo.jpg\",\"width\":149,\"height\":107,\"caption\":\"Deutsche Schule Toulouse\"},\"image\":{\"@id\":\"https:\\\/\\\/dstoulouse.com\\\/#\\\/schema\\\/logo\\\/image\\\/\"}},{\"@type\":\"Person\",\"@id\":\"https:\\\/\\\/dstoulouse.com\\\/#\\\/schema\\\/person\\\/0b48fa4e25c55048d6e0bb98b1696975\",\"name\":\"Nicole KN\u00dcPPEL\"}]}<\/script>\n<!-- \/ Yoast SEO plugin. -->","yoast_head_json":{"title":"Une Journ\u00e9e Mondiale du Livre 2024 inoubliable \u00e0 l'Ecole El\u00e9mentaire - Deutsche Schule Toulouse: Exzellente Deutsche Auslandsschule mit Kindergarten, Grundschule und weiterf&uuml;hrender Schule","robots":{"index":"index","follow":"follow","max-snippet":"max-snippet:-1","max-image-preview":"max-image-preview:large","max-video-preview":"max-video-preview:-1"},"canonical":"https:\/\/dstoulouse.com\/fr\/journee-mondiale-du-livre-2024-ecole-elementaire\/","og_locale":"fr_FR","og_type":"article","og_title":"Une Journ\u00e9e Mondiale du Livre 2024 inoubliable \u00e0 l'Ecole El\u00e9mentaire - Deutsche Schule Toulouse: Exzellente Deutsche Auslandsschule mit Kindergarten, Grundschule und weiterf&uuml;hrender Schule","og_description":"Passionnant et informatif ! &#8211; Cette ann\u00e9e, le livre sp\u00e9cialis\u00e9 fut \u00e0 l&rsquo;honneur lors de la Journ\u00e9e mondiale du livre 2024 \u00e0 notre Ecole El\u00e9mentaire. Un \u00e9change bilingueC&rsquo;est \u00e0 un... En savoir plus","og_url":"https:\/\/dstoulouse.com\/fr\/journee-mondiale-du-livre-2024-ecole-elementaire\/","og_site_name":"Deutsche Schule Toulouse: Exzellente Deutsche Auslandsschule mit Kindergarten, Grundschule und weiterf&uuml;hrender Schule","article_published_time":"2024-04-26T13:57:53+00:00","article_modified_time":"2024-04-26T14:05:52+00:00","og_image":[{"width":750,"height":330,"url":"https:\/\/dstoulouse.com\/wp-content\/uploads\/dst_welttagdesbuches_2024_titel.jpg","type":"image\/jpeg"}],"author":"Nicole KN\u00dcPPEL","twitter_card":"summary_large_image","twitter_misc":{"\u00c9crit par":"Nicole KN\u00dcPPEL","Dur\u00e9e de lecture estim\u00e9e":"3 minutes"},"schema":{"@context":"https:\/\/schema.org","@graph":[{"@type":"Article","@id":"https:\/\/dstoulouse.com\/fr\/journee-mondiale-du-livre-2024-ecole-elementaire\/#article","isPartOf":{"@id":"https:\/\/dstoulouse.com\/fr\/journee-mondiale-du-livre-2024-ecole-elementaire\/"},"author":{"name":"Nicole KN\u00dcPPEL","@id":"https:\/\/dstoulouse.com\/#\/schema\/person\/0b48fa4e25c55048d6e0bb98b1696975"},"headline":"Une Journ\u00e9e Mondiale du Livre 2024 inoubliable \u00e0 l&rsquo;Ecole El\u00e9mentaire","datePublished":"2024-04-26T13:57:53+00:00","dateModified":"2024-04-26T14:05:52+00:00","mainEntityOfPage":{"@id":"https:\/\/dstoulouse.com\/fr\/journee-mondiale-du-livre-2024-ecole-elementaire\/"},"wordCount":428,"publisher":{"@id":"https:\/\/dstoulouse.com\/#organization"},"image":{"@id":"https:\/\/dstoulouse.com\/fr\/journee-mondiale-du-livre-2024-ecole-elementaire\/#primaryimage"},"thumbnailUrl":"https:\/\/dstoulouse.com\/wp-content\/uploads\/dst_welttagdesbuches_2024_titel.jpg","articleSection":["La vie \u00e0 l\u2019\u00e9cole"],"inLanguage":"fr-FR"},{"@type":"WebPage","@id":"https:\/\/dstoulouse.com\/fr\/journee-mondiale-du-livre-2024-ecole-elementaire\/","url":"https:\/\/dstoulouse.com\/fr\/journee-mondiale-du-livre-2024-ecole-elementaire\/","name":"Une Journ\u00e9e Mondiale du Livre 2024 inoubliable \u00e0 l'Ecole El\u00e9mentaire - Deutsche Schule Toulouse: Exzellente Deutsche Auslandsschule mit Kindergarten, Grundschule und weiterf&uuml;hrender Schule","isPartOf":{"@id":"https:\/\/dstoulouse.com\/#website"},"primaryImageOfPage":{"@id":"https:\/\/dstoulouse.com\/fr\/journee-mondiale-du-livre-2024-ecole-elementaire\/#primaryimage"},"image":{"@id":"https:\/\/dstoulouse.com\/fr\/journee-mondiale-du-livre-2024-ecole-elementaire\/#primaryimage"},"thumbnailUrl":"https:\/\/dstoulouse.com\/wp-content\/uploads\/dst_welttagdesbuches_2024_titel.jpg","datePublished":"2024-04-26T13:57:53+00:00","dateModified":"2024-04-26T14:05:52+00:00","breadcrumb":{"@id":"https:\/\/dstoulouse.com\/fr\/journee-mondiale-du-livre-2024-ecole-elementaire\/#breadcrumb"},"inLanguage":"fr-FR","potentialAction":[{"@type":"ReadAction","target":["https:\/\/dstoulouse.com\/fr\/journee-mondiale-du-livre-2024-ecole-elementaire\/"]}]},{"@type":"ImageObject","inLanguage":"fr-FR","@id":"https:\/\/dstoulouse.com\/fr\/journee-mondiale-du-livre-2024-ecole-elementaire\/#primaryimage","url":"https:\/\/dstoulouse.com\/wp-content\/uploads\/dst_welttagdesbuches_2024_titel.jpg","contentUrl":"https:\/\/dstoulouse.com\/wp-content\/uploads\/dst_welttagdesbuches_2024_titel.jpg","width":750,"height":330,"caption":"Deutsche Schule Toulouse, Welttag des Buches Alexandre Cabeau-Richard, Britta Vorbach und Annett St\u00fctze"},{"@type":"BreadcrumbList","@id":"https:\/\/dstoulouse.com\/fr\/journee-mondiale-du-livre-2024-ecole-elementaire\/#breadcrumb","itemListElement":[{"@type":"ListItem","position":1,"name":"Startseite","item":"https:\/\/dstoulouse.com\/fr\/"},{"@type":"ListItem","position":2,"name":"Une Journ\u00e9e Mondiale du Livre 2024 inoubliable \u00e0 l&#8217;Ecole El\u00e9mentaire"}]},{"@type":"WebSite","@id":"https:\/\/dstoulouse.com\/#website","url":"https:\/\/dstoulouse.com\/","name":"Deutsche Schule Toulouse: Exzellente Deutsche Auslandsschule mit Kindergarten, Grundschule und weiterf&uuml;hrender Schule","description":"Wir bilden das Europa von morgen","publisher":{"@id":"https:\/\/dstoulouse.com\/#organization"},"potentialAction":[{"@type":"SearchAction","target":{"@type":"EntryPoint","urlTemplate":"https:\/\/dstoulouse.com\/?s={search_term_string}"},"query-input":{"@type":"PropertyValueSpecification","valueRequired":true,"valueName":"search_term_string"}}],"inLanguage":"fr-FR"},{"@type":"Organization","@id":"https:\/\/dstoulouse.com\/#organization","name":"Deutsche Schule Toulouse","url":"https:\/\/dstoulouse.com\/","logo":{"@type":"ImageObject","inLanguage":"fr-FR","@id":"https:\/\/dstoulouse.com\/#\/schema\/logo\/image\/","url":"https:\/\/dstoulouse.com\/wp-content\/uploads\/dst-logo.jpg","contentUrl":"https:\/\/dstoulouse.com\/wp-content\/uploads\/dst-logo.jpg","width":149,"height":107,"caption":"Deutsche Schule Toulouse"},"image":{"@id":"https:\/\/dstoulouse.com\/#\/schema\/logo\/image\/"}},{"@type":"Person","@id":"https:\/\/dstoulouse.com\/#\/schema\/person\/0b48fa4e25c55048d6e0bb98b1696975","name":"Nicole KN\u00dcPPEL"}]}},"_links":{"self":[{"href":"https:\/\/dstoulouse.com\/fr\/wp-json\/wp\/v2\/posts\/17958","targetHints":{"allow":["GET"]}}],"collection":[{"href":"https:\/\/dstoulouse.com\/fr\/wp-json\/wp\/v2\/posts"}],"about":[{"href":"https:\/\/dstoulouse.com\/fr\/wp-json\/wp\/v2\/types\/post"}],"author":[{"embeddable":true,"href":"https:\/\/dstoulouse.com\/fr\/wp-json\/wp\/v2\/users\/2"}],"replies":[{"embeddable":true,"href":"https:\/\/dstoulouse.com\/fr\/wp-json\/wp\/v2\/comments?post=17958"}],"version-history":[{"count":1,"href":"https:\/\/dstoulouse.com\/fr\/wp-json\/wp\/v2\/posts\/17958\/revisions"}],"predecessor-version":[{"id":17960,"href":"https:\/\/dstoulouse.com\/fr\/wp-json\/wp\/v2\/posts\/17958\/revisions\/17960"}],"wp:featuredmedia":[{"embeddable":true,"href":"https:\/\/dstoulouse.com\/fr\/wp-json\/wp\/v2\/media\/17949"}],"wp:attachment":[{"href":"https:\/\/dstoulouse.com\/fr\/wp-json\/wp\/v2\/media?parent=17958"}],"wp:term":[{"taxonomy":"category","embeddable":true,"href":"https:\/\/dstoulouse.com\/fr\/wp-json\/wp\/v2\/categories?post=17958"},{"taxonomy":"post_tag","embeddable":true,"href":"https:\/\/dstoulouse.com\/fr\/wp-json\/wp\/v2\/tags?post=17958"}],"curies":[{"name":"wp","href":"https:\/\/api.w.org\/{rel}","templated":true}]}}