{"id":20884,"date":"2025-04-30T09:43:08","date_gmt":"2025-04-30T07:43:08","guid":{"rendered":"https:\/\/dstoulouse.com\/?p=20884"},"modified":"2025-04-30T09:43:09","modified_gmt":"2025-04-30T07:43:09","slug":"exposition-traite-elysee-traite-aix-la-chapelle","status":"publish","type":"post","link":"https:\/\/dstoulouse.com\/fr\/exposition-traite-elysee-traite-aix-la-chapelle\/","title":{"rendered":"L\u2019exposition \u00ab Du Trait\u00e9 de l\u2019Elys\u00e9e au Trait\u00e9 d\u2019Aix-la-Chapelle \u00bb"},"content":{"rendered":"\n<p>Install\u00e9e pour un mois dans le hall d\u2019entr\u00e9e du Lyc\u00e9e Victor Hugo et de l\u2019Ecole Allemande, l\u2019exposition \u00ab Du Trait\u00e9 de l\u2019Elys\u00e9e au Trait\u00e9 d\u2019Aix-la-Chapelle \u00bb a pour objectif d\u2019interpeller les \u00e9l\u00e8ves et de les sensibiliser \u00e0 l\u2019Europe et aux relations franco-allemandes. <\/p>\n\n\n\n<p>Cette exposition pr\u00e9sente en 15 panneaux chronologiques la construction de l\u2019Union Europ\u00e9enne et l\u2019\u00e9volution de la relation franco-allemande, instaur\u00e9e initialement par des volont\u00e9s politiques et renforc\u00e9e au fil des ann\u00e9es par des acteurs de la soci\u00e9t\u00e9 civile de nos deux pays, notamment les acteurs des jumelages. Chaque panneau est enrichi d\u2019informations compl\u00e9mentaires et d\u2019un quizz accessibles par QR codes. <\/p>\n\n\n\n<p>Elle a \u00e9t\u00e9 inaugur\u00e9e le 9 avril dernier au Lyc\u00e9e Victor Hugo en pr\u00e9sence de la Ministre pl\u00e9nipotentiaire \u00e0 l\u2019Ambassade d\u2019Allemagne \u00e0 Paris, Madame Gudrun Lingner, de la Directrice la Maison de l\u2019Europe- Europe Direct Toulouse Occitanie, Madame G\u00e9nevi\u00e8ve Saint-Hubert, et des deux proviseurs, Messieurs Alexandre Causs\u00e9 et Dr Martin Sachse-Weinert, dans le cadre de la Quinzaine franco-allemande d&rsquo;Occitanie.<\/p>\n\n\n\n<figure class=\"wp-block-image size-full\"><img loading=\"lazy\" decoding=\"async\" width=\"750\" height=\"550\" src=\"https:\/\/dstoulouse.com\/wp-content\/uploads\/expo-francoallemande.jpg\" alt=\"Ausstellung im Rahmen der Quinzaine Franco-Allemande&quot; in Okzitanien, Gruppenbild der Sch\u00fclerschaft\" class=\"wp-image-20879\" srcset=\"https:\/\/dstoulouse.com\/wp-content\/uploads\/expo-francoallemande.jpg 750w, https:\/\/dstoulouse.com\/wp-content\/uploads\/expo-francoallemande-300x220.jpg 300w\" sizes=\"auto, (max-width: 750px) 100vw, 750px\" \/><\/figure>\n","protected":false},"excerpt":{"rendered":"<p>Install\u00e9e pour un mois dans le hall d\u2019entr\u00e9e du Lyc\u00e9e Victor Hugo et de l\u2019Ecole Allemande, l\u2019exposition \u00ab Du Trait\u00e9 de l\u2019Elys\u00e9e au Trait\u00e9 d\u2019Aix-la-Chapelle \u00bb a pour objectif d\u2019interpeller&#8230; <\/p>\n<div class=\"clear\"><\/div>\n<p><a href=\"https:\/\/dstoulouse.com\/fr\/exposition-traite-elysee-traite-aix-la-chapelle\/\" class=\"gdlr-button with-border excerpt-read-more\">En savoir plus<\/a><\/p>\n","protected":false},"author":2,"featured_media":20851,"comment_status":"closed","ping_status":"open","sticky":false,"template":"","format":"standard","meta":{"_EventAllDay":false,"_EventTimezone":"","_EventStartDate":"","_EventEndDate":"","_EventStartDateUTC":"","_EventEndDateUTC":"","_EventShowMap":false,"_EventShowMapLink":false,"_EventURL":"","_EventCost":"","_EventCostDescription":"","_EventCurrencySymbol":"","_EventCurrencyCode":"","_EventCurrencyPosition":"","_EventDateTimeSeparator":"","_EventTimeRangeSeparator":"","_EventOrganizerID":[],"_EventVenueID":[],"_OrganizerEmail":"","_OrganizerPhone":"","_OrganizerWebsite":"","_VenueAddress":"","_VenueCity":"","_VenueCountry":"","_VenueProvince":"","_VenueState":"","_VenueZip":"","_VenuePhone":"","_VenueURL":"","_VenueStateProvince":"","_VenueLat":"","_VenueLng":"","_VenueShowMap":false,"_VenueShowMapLink":false,"iawp_total_views":15,"footnotes":""},"categories":[111,50,45,110],"tags":[],"class_list":["post-20884","post","type-post","status-publish","format-standard","has-post-thumbnail","hentry","category-annee-scolaire-2024-25","category-college-lycee","category-la-vie-a-lecole","category-schuljahr-2024-25-fr"],"yoast_head":"<!-- This site is optimized with the Yoast SEO plugin v27.3 - https:\/\/yoast.com\/product\/yoast-seo-wordpress\/ -->\n<title>L\u2019exposition \u00ab Du Trait\u00e9 de l\u2019Elys\u00e9e au Trait\u00e9 d\u2019Aix-la-Chapelle \u00bb - Deutsche Schule Toulouse: Exzellente Deutsche Auslandsschule mit Kindergarten, Grundschule und weiterf&uuml;hrender Schule<\/title>\n<meta name=\"robots\" content=\"index, follow, max-snippet:-1, max-image-preview:large, max-video-preview:-1\" \/>\n<link rel=\"canonical\" href=\"https:\/\/dstoulouse.com\/fr\/exposition-traite-elysee-traite-aix-la-chapelle\/\" \/>\n<meta property=\"og:locale\" content=\"fr_FR\" \/>\n<meta property=\"og:type\" content=\"article\" \/>\n<meta property=\"og:title\" content=\"L\u2019exposition \u00ab Du Trait\u00e9 de l\u2019Elys\u00e9e au Trait\u00e9 d\u2019Aix-la-Chapelle \u00bb - Deutsche Schule Toulouse: Exzellente Deutsche Auslandsschule mit Kindergarten, Grundschule und weiterf&uuml;hrender Schule\" \/>\n<meta property=\"og:description\" content=\"Install\u00e9e pour un mois dans le hall d\u2019entr\u00e9e du Lyc\u00e9e Victor Hugo et de l\u2019Ecole Allemande, l\u2019exposition \u00ab Du Trait\u00e9 de l\u2019Elys\u00e9e au Trait\u00e9 d\u2019Aix-la-Chapelle \u00bb a pour objectif d\u2019interpeller... En savoir plus\" \/>\n<meta property=\"og:url\" content=\"https:\/\/dstoulouse.com\/fr\/exposition-traite-elysee-traite-aix-la-chapelle\/\" \/>\n<meta property=\"og:site_name\" content=\"Deutsche Schule Toulouse: Exzellente Deutsche Auslandsschule mit Kindergarten, Grundschule und weiterf&uuml;hrender Schule\" \/>\n<meta property=\"article:published_time\" content=\"2025-04-30T07:43:08+00:00\" \/>\n<meta property=\"article:modified_time\" content=\"2025-04-30T07:43:09+00:00\" \/>\n<meta property=\"og:image\" content=\"https:\/\/dstoulouse.com\/wp-content\/uploads\/expo-francoallemande-titel-1.png\" \/>\n\t<meta property=\"og:image:width\" content=\"750\" \/>\n\t<meta property=\"og:image:height\" content=\"330\" \/>\n\t<meta property=\"og:image:type\" content=\"image\/png\" \/>\n<meta name=\"author\" content=\"Nicole KN\u00dcPPEL\" \/>\n<meta name=\"twitter:card\" content=\"summary_large_image\" \/>\n<meta name=\"twitter:label1\" content=\"\u00c9crit par\" \/>\n\t<meta name=\"twitter:data1\" content=\"Nicole KN\u00dcPPEL\" \/>\n\t<meta name=\"twitter:label2\" content=\"Dur\u00e9e de lecture estim\u00e9e\" \/>\n\t<meta name=\"twitter:data2\" content=\"2 minutes\" \/>\n<script type=\"application\/ld+json\" class=\"yoast-schema-graph\">{\"@context\":\"https:\\\/\\\/schema.org\",\"@graph\":[{\"@type\":\"Article\",\"@id\":\"https:\\\/\\\/dstoulouse.com\\\/fr\\\/exposition-traite-elysee-traite-aix-la-chapelle\\\/#article\",\"isPartOf\":{\"@id\":\"https:\\\/\\\/dstoulouse.com\\\/fr\\\/exposition-traite-elysee-traite-aix-la-chapelle\\\/\"},\"author\":{\"name\":\"Nicole KN\u00dcPPEL\",\"@id\":\"https:\\\/\\\/dstoulouse.com\\\/#\\\/schema\\\/person\\\/0b48fa4e25c55048d6e0bb98b1696975\"},\"headline\":\"L\u2019exposition \u00ab Du Trait\u00e9 de l\u2019Elys\u00e9e au Trait\u00e9 d\u2019Aix-la-Chapelle \u00bb\",\"datePublished\":\"2025-04-30T07:43:08+00:00\",\"dateModified\":\"2025-04-30T07:43:09+00:00\",\"mainEntityOfPage\":{\"@id\":\"https:\\\/\\\/dstoulouse.com\\\/fr\\\/exposition-traite-elysee-traite-aix-la-chapelle\\\/\"},\"wordCount\":199,\"publisher\":{\"@id\":\"https:\\\/\\\/dstoulouse.com\\\/#organization\"},\"image\":{\"@id\":\"https:\\\/\\\/dstoulouse.com\\\/fr\\\/exposition-traite-elysee-traite-aix-la-chapelle\\\/#primaryimage\"},\"thumbnailUrl\":\"https:\\\/\\\/dstoulouse.com\\\/wp-content\\\/uploads\\\/expo-francoallemande-titel-1.png\",\"articleSection\":[\"Ann\u00e9e scolaire 2024\\\/25\",\"Coll\u00e8ge \\\/ Lyc\u00e9e\",\"La vie \u00e0 l\u2019\u00e9cole\",\"Schuljahr 2024\\\/25\"],\"inLanguage\":\"fr-FR\"},{\"@type\":\"WebPage\",\"@id\":\"https:\\\/\\\/dstoulouse.com\\\/fr\\\/exposition-traite-elysee-traite-aix-la-chapelle\\\/\",\"url\":\"https:\\\/\\\/dstoulouse.com\\\/fr\\\/exposition-traite-elysee-traite-aix-la-chapelle\\\/\",\"name\":\"L\u2019exposition \u00ab Du Trait\u00e9 de l\u2019Elys\u00e9e au Trait\u00e9 d\u2019Aix-la-Chapelle \u00bb - Deutsche Schule Toulouse: Exzellente Deutsche Auslandsschule mit Kindergarten, Grundschule und weiterf&uuml;hrender Schule\",\"isPartOf\":{\"@id\":\"https:\\\/\\\/dstoulouse.com\\\/#website\"},\"primaryImageOfPage\":{\"@id\":\"https:\\\/\\\/dstoulouse.com\\\/fr\\\/exposition-traite-elysee-traite-aix-la-chapelle\\\/#primaryimage\"},\"image\":{\"@id\":\"https:\\\/\\\/dstoulouse.com\\\/fr\\\/exposition-traite-elysee-traite-aix-la-chapelle\\\/#primaryimage\"},\"thumbnailUrl\":\"https:\\\/\\\/dstoulouse.com\\\/wp-content\\\/uploads\\\/expo-francoallemande-titel-1.png\",\"datePublished\":\"2025-04-30T07:43:08+00:00\",\"dateModified\":\"2025-04-30T07:43:09+00:00\",\"breadcrumb\":{\"@id\":\"https:\\\/\\\/dstoulouse.com\\\/fr\\\/exposition-traite-elysee-traite-aix-la-chapelle\\\/#breadcrumb\"},\"inLanguage\":\"fr-FR\",\"potentialAction\":[{\"@type\":\"ReadAction\",\"target\":[\"https:\\\/\\\/dstoulouse.com\\\/fr\\\/exposition-traite-elysee-traite-aix-la-chapelle\\\/\"]}]},{\"@type\":\"ImageObject\",\"inLanguage\":\"fr-FR\",\"@id\":\"https:\\\/\\\/dstoulouse.com\\\/fr\\\/exposition-traite-elysee-traite-aix-la-chapelle\\\/#primaryimage\",\"url\":\"https:\\\/\\\/dstoulouse.com\\\/wp-content\\\/uploads\\\/expo-francoallemande-titel-1.png\",\"contentUrl\":\"https:\\\/\\\/dstoulouse.com\\\/wp-content\\\/uploads\\\/expo-francoallemande-titel-1.png\",\"width\":750,\"height\":330,\"caption\":\"Deutsche Schule Toulouse,\"},{\"@type\":\"BreadcrumbList\",\"@id\":\"https:\\\/\\\/dstoulouse.com\\\/fr\\\/exposition-traite-elysee-traite-aix-la-chapelle\\\/#breadcrumb\",\"itemListElement\":[{\"@type\":\"ListItem\",\"position\":1,\"name\":\"Startseite\",\"item\":\"https:\\\/\\\/dstoulouse.com\\\/fr\\\/\"},{\"@type\":\"ListItem\",\"position\":2,\"name\":\"L\u2019exposition \u00ab Du Trait\u00e9 de l\u2019Elys\u00e9e au Trait\u00e9 d\u2019Aix-la-Chapelle \u00bb\"}]},{\"@type\":\"WebSite\",\"@id\":\"https:\\\/\\\/dstoulouse.com\\\/#website\",\"url\":\"https:\\\/\\\/dstoulouse.com\\\/\",\"name\":\"Deutsche Schule Toulouse: Exzellente Deutsche Auslandsschule mit Kindergarten, Grundschule und weiterf&uuml;hrender Schule\",\"description\":\"Wir bilden das Europa von morgen\",\"publisher\":{\"@id\":\"https:\\\/\\\/dstoulouse.com\\\/#organization\"},\"potentialAction\":[{\"@type\":\"SearchAction\",\"target\":{\"@type\":\"EntryPoint\",\"urlTemplate\":\"https:\\\/\\\/dstoulouse.com\\\/?s={search_term_string}\"},\"query-input\":{\"@type\":\"PropertyValueSpecification\",\"valueRequired\":true,\"valueName\":\"search_term_string\"}}],\"inLanguage\":\"fr-FR\"},{\"@type\":\"Organization\",\"@id\":\"https:\\\/\\\/dstoulouse.com\\\/#organization\",\"name\":\"Deutsche Schule Toulouse\",\"url\":\"https:\\\/\\\/dstoulouse.com\\\/\",\"logo\":{\"@type\":\"ImageObject\",\"inLanguage\":\"fr-FR\",\"@id\":\"https:\\\/\\\/dstoulouse.com\\\/#\\\/schema\\\/logo\\\/image\\\/\",\"url\":\"https:\\\/\\\/dstoulouse.com\\\/wp-content\\\/uploads\\\/dst-logo.jpg\",\"contentUrl\":\"https:\\\/\\\/dstoulouse.com\\\/wp-content\\\/uploads\\\/dst-logo.jpg\",\"width\":149,\"height\":107,\"caption\":\"Deutsche Schule Toulouse\"},\"image\":{\"@id\":\"https:\\\/\\\/dstoulouse.com\\\/#\\\/schema\\\/logo\\\/image\\\/\"}},{\"@type\":\"Person\",\"@id\":\"https:\\\/\\\/dstoulouse.com\\\/#\\\/schema\\\/person\\\/0b48fa4e25c55048d6e0bb98b1696975\",\"name\":\"Nicole KN\u00dcPPEL\"}]}<\/script>\n<!-- \/ Yoast SEO plugin. -->","yoast_head_json":{"title":"L\u2019exposition \u00ab Du Trait\u00e9 de l\u2019Elys\u00e9e au Trait\u00e9 d\u2019Aix-la-Chapelle \u00bb - Deutsche Schule Toulouse: Exzellente Deutsche Auslandsschule mit Kindergarten, Grundschule und weiterf&uuml;hrender Schule","robots":{"index":"index","follow":"follow","max-snippet":"max-snippet:-1","max-image-preview":"max-image-preview:large","max-video-preview":"max-video-preview:-1"},"canonical":"https:\/\/dstoulouse.com\/fr\/exposition-traite-elysee-traite-aix-la-chapelle\/","og_locale":"fr_FR","og_type":"article","og_title":"L\u2019exposition \u00ab Du Trait\u00e9 de l\u2019Elys\u00e9e au Trait\u00e9 d\u2019Aix-la-Chapelle \u00bb - Deutsche Schule Toulouse: Exzellente Deutsche Auslandsschule mit Kindergarten, Grundschule und weiterf&uuml;hrender Schule","og_description":"Install\u00e9e pour un mois dans le hall d\u2019entr\u00e9e du Lyc\u00e9e Victor Hugo et de l\u2019Ecole Allemande, l\u2019exposition \u00ab Du Trait\u00e9 de l\u2019Elys\u00e9e au Trait\u00e9 d\u2019Aix-la-Chapelle \u00bb a pour objectif d\u2019interpeller... En savoir plus","og_url":"https:\/\/dstoulouse.com\/fr\/exposition-traite-elysee-traite-aix-la-chapelle\/","og_site_name":"Deutsche Schule Toulouse: Exzellente Deutsche Auslandsschule mit Kindergarten, Grundschule und weiterf&uuml;hrender Schule","article_published_time":"2025-04-30T07:43:08+00:00","article_modified_time":"2025-04-30T07:43:09+00:00","og_image":[{"width":750,"height":330,"url":"https:\/\/dstoulouse.com\/wp-content\/uploads\/expo-francoallemande-titel-1.png","type":"image\/png"}],"author":"Nicole KN\u00dcPPEL","twitter_card":"summary_large_image","twitter_misc":{"\u00c9crit par":"Nicole KN\u00dcPPEL","Dur\u00e9e de lecture estim\u00e9e":"2 minutes"},"schema":{"@context":"https:\/\/schema.org","@graph":[{"@type":"Article","@id":"https:\/\/dstoulouse.com\/fr\/exposition-traite-elysee-traite-aix-la-chapelle\/#article","isPartOf":{"@id":"https:\/\/dstoulouse.com\/fr\/exposition-traite-elysee-traite-aix-la-chapelle\/"},"author":{"name":"Nicole KN\u00dcPPEL","@id":"https:\/\/dstoulouse.com\/#\/schema\/person\/0b48fa4e25c55048d6e0bb98b1696975"},"headline":"L\u2019exposition \u00ab Du Trait\u00e9 de l\u2019Elys\u00e9e au Trait\u00e9 d\u2019Aix-la-Chapelle \u00bb","datePublished":"2025-04-30T07:43:08+00:00","dateModified":"2025-04-30T07:43:09+00:00","mainEntityOfPage":{"@id":"https:\/\/dstoulouse.com\/fr\/exposition-traite-elysee-traite-aix-la-chapelle\/"},"wordCount":199,"publisher":{"@id":"https:\/\/dstoulouse.com\/#organization"},"image":{"@id":"https:\/\/dstoulouse.com\/fr\/exposition-traite-elysee-traite-aix-la-chapelle\/#primaryimage"},"thumbnailUrl":"https:\/\/dstoulouse.com\/wp-content\/uploads\/expo-francoallemande-titel-1.png","articleSection":["Ann\u00e9e scolaire 2024\/25","Coll\u00e8ge \/ Lyc\u00e9e","La vie \u00e0 l\u2019\u00e9cole","Schuljahr 2024\/25"],"inLanguage":"fr-FR"},{"@type":"WebPage","@id":"https:\/\/dstoulouse.com\/fr\/exposition-traite-elysee-traite-aix-la-chapelle\/","url":"https:\/\/dstoulouse.com\/fr\/exposition-traite-elysee-traite-aix-la-chapelle\/","name":"L\u2019exposition \u00ab Du Trait\u00e9 de l\u2019Elys\u00e9e au Trait\u00e9 d\u2019Aix-la-Chapelle \u00bb - Deutsche Schule Toulouse: Exzellente Deutsche Auslandsschule mit Kindergarten, Grundschule und weiterf&uuml;hrender Schule","isPartOf":{"@id":"https:\/\/dstoulouse.com\/#website"},"primaryImageOfPage":{"@id":"https:\/\/dstoulouse.com\/fr\/exposition-traite-elysee-traite-aix-la-chapelle\/#primaryimage"},"image":{"@id":"https:\/\/dstoulouse.com\/fr\/exposition-traite-elysee-traite-aix-la-chapelle\/#primaryimage"},"thumbnailUrl":"https:\/\/dstoulouse.com\/wp-content\/uploads\/expo-francoallemande-titel-1.png","datePublished":"2025-04-30T07:43:08+00:00","dateModified":"2025-04-30T07:43:09+00:00","breadcrumb":{"@id":"https:\/\/dstoulouse.com\/fr\/exposition-traite-elysee-traite-aix-la-chapelle\/#breadcrumb"},"inLanguage":"fr-FR","potentialAction":[{"@type":"ReadAction","target":["https:\/\/dstoulouse.com\/fr\/exposition-traite-elysee-traite-aix-la-chapelle\/"]}]},{"@type":"ImageObject","inLanguage":"fr-FR","@id":"https:\/\/dstoulouse.com\/fr\/exposition-traite-elysee-traite-aix-la-chapelle\/#primaryimage","url":"https:\/\/dstoulouse.com\/wp-content\/uploads\/expo-francoallemande-titel-1.png","contentUrl":"https:\/\/dstoulouse.com\/wp-content\/uploads\/expo-francoallemande-titel-1.png","width":750,"height":330,"caption":"Deutsche Schule Toulouse,"},{"@type":"BreadcrumbList","@id":"https:\/\/dstoulouse.com\/fr\/exposition-traite-elysee-traite-aix-la-chapelle\/#breadcrumb","itemListElement":[{"@type":"ListItem","position":1,"name":"Startseite","item":"https:\/\/dstoulouse.com\/fr\/"},{"@type":"ListItem","position":2,"name":"L\u2019exposition \u00ab Du Trait\u00e9 de l\u2019Elys\u00e9e au Trait\u00e9 d\u2019Aix-la-Chapelle \u00bb"}]},{"@type":"WebSite","@id":"https:\/\/dstoulouse.com\/#website","url":"https:\/\/dstoulouse.com\/","name":"Deutsche Schule Toulouse: Exzellente Deutsche Auslandsschule mit Kindergarten, Grundschule und weiterf&uuml;hrender Schule","description":"Wir bilden das Europa von morgen","publisher":{"@id":"https:\/\/dstoulouse.com\/#organization"},"potentialAction":[{"@type":"SearchAction","target":{"@type":"EntryPoint","urlTemplate":"https:\/\/dstoulouse.com\/?s={search_term_string}"},"query-input":{"@type":"PropertyValueSpecification","valueRequired":true,"valueName":"search_term_string"}}],"inLanguage":"fr-FR"},{"@type":"Organization","@id":"https:\/\/dstoulouse.com\/#organization","name":"Deutsche Schule Toulouse","url":"https:\/\/dstoulouse.com\/","logo":{"@type":"ImageObject","inLanguage":"fr-FR","@id":"https:\/\/dstoulouse.com\/#\/schema\/logo\/image\/","url":"https:\/\/dstoulouse.com\/wp-content\/uploads\/dst-logo.jpg","contentUrl":"https:\/\/dstoulouse.com\/wp-content\/uploads\/dst-logo.jpg","width":149,"height":107,"caption":"Deutsche Schule Toulouse"},"image":{"@id":"https:\/\/dstoulouse.com\/#\/schema\/logo\/image\/"}},{"@type":"Person","@id":"https:\/\/dstoulouse.com\/#\/schema\/person\/0b48fa4e25c55048d6e0bb98b1696975","name":"Nicole KN\u00dcPPEL"}]}},"_links":{"self":[{"href":"https:\/\/dstoulouse.com\/fr\/wp-json\/wp\/v2\/posts\/20884","targetHints":{"allow":["GET"]}}],"collection":[{"href":"https:\/\/dstoulouse.com\/fr\/wp-json\/wp\/v2\/posts"}],"about":[{"href":"https:\/\/dstoulouse.com\/fr\/wp-json\/wp\/v2\/types\/post"}],"author":[{"embeddable":true,"href":"https:\/\/dstoulouse.com\/fr\/wp-json\/wp\/v2\/users\/2"}],"replies":[{"embeddable":true,"href":"https:\/\/dstoulouse.com\/fr\/wp-json\/wp\/v2\/comments?post=20884"}],"version-history":[{"count":2,"href":"https:\/\/dstoulouse.com\/fr\/wp-json\/wp\/v2\/posts\/20884\/revisions"}],"predecessor-version":[{"id":20894,"href":"https:\/\/dstoulouse.com\/fr\/wp-json\/wp\/v2\/posts\/20884\/revisions\/20894"}],"wp:featuredmedia":[{"embeddable":true,"href":"https:\/\/dstoulouse.com\/fr\/wp-json\/wp\/v2\/media\/20851"}],"wp:attachment":[{"href":"https:\/\/dstoulouse.com\/fr\/wp-json\/wp\/v2\/media?parent=20884"}],"wp:term":[{"taxonomy":"category","embeddable":true,"href":"https:\/\/dstoulouse.com\/fr\/wp-json\/wp\/v2\/categories?post=20884"},{"taxonomy":"post_tag","embeddable":true,"href":"https:\/\/dstoulouse.com\/fr\/wp-json\/wp\/v2\/tags?post=20884"}],"curies":[{"name":"wp","href":"https:\/\/api.w.org\/{rel}","templated":true}]}}