{"id":22542,"date":"2026-03-09T15:19:29","date_gmt":"2026-03-09T14:19:29","guid":{"rendered":"https:\/\/dstoulouse.com\/feriencamp-an-der-dst-kunst-und-kreativitaet\/"},"modified":"2026-03-09T15:39:55","modified_gmt":"2026-03-09T14:39:55","slug":"art-et-creativite-au-camp-de-vacances","status":"publish","type":"post","link":"https:\/\/dstoulouse.com\/fr\/art-et-creativite-au-camp-de-vacances\/","title":{"rendered":"Art et cr\u00e9ativit\u00e9 au camp de vacances"},"content":{"rendered":"\n<p>Au cours de la premi\u00e8re semaine des vacances d&rsquo;hiver, la DST a organis\u00e9 un camp cr\u00e9atif o\u00f9 les enfants ont pu travailler chaque jour sur de nouveaux projets.<br>Tandis que dans une salle, on m\u00e9langeait des couleurs, on d\u00e9corait des surfaces et on r\u00e9alisait des collages, dans la salle voisine, on cr\u00e9ait des objets d&rsquo;art tout \u00e0 fait individuels \u00e0 partir de mat\u00e9riaux naturels. De nombreux enfants ont essay\u00e9 des techniques qu&rsquo;ils ne connaissaient pas auparavant et les ont combin\u00e9es de mani\u00e8re intuitive. C&rsquo;est pr\u00e9cis\u00e9ment cette attitude \u00ab essayons simplement \u00bb qui a marqu\u00e9 la semaine.<\/p>\n\n\n\n<p>Deux autres ateliers \u00e9taient \u00e9galement organis\u00e9s en cuisine. La cuisine est devenue un lieu de rencontre o\u00f9 les enfants ont pr\u00e9par\u00e9 ensemble des collations et des petits desserts : peser les ingr\u00e9dients, couper, d\u00e9corer \u2013 tout se faisait main dans la main, et le travail d&rsquo;\u00e9quipe s&rsquo;est mis en place tout naturellement.<\/p>\n\n\n\n<p>Entre les phases cr\u00e9atives, les enfants ont profit\u00e9 de la cour de r\u00e9cr\u00e9ation pour faire de courtes pauses jeux et activit\u00e9s physiques. Ce changement leur a fait du bien et les a souvent amen\u00e9s \u00e0 reprendre leur projet avec une id\u00e9e nouvelle ou \u00e0 vouloir essayer des mat\u00e9riaux totalement diff\u00e9rents apr\u00e8s la pause.<\/p>\n\n\n\n<p><strong>Le prochain camp de vacances est d\u00e9j\u00e0 pr\u00e9vu pour les vacances de printemps<\/strong> (<strong>20 au 24. avril 2026<\/strong>), cette fois-ci sur le th\u00e8me de l&rsquo;\u00ab exp\u00e9rimentation \u00bb. Les enfants peuvent s&rsquo;attendre \u00e0 des exp\u00e9riences passionnantes, des d\u00e9couvertes cr\u00e9atives et de nombreuses exp\u00e9riences qui les invitent \u00e0 la recherche et \u00e0 la r\u00e9flexion. <\/p>\n\n\n\n<p>Vous pouvez vous inscrire ici : <a href=\"https:\/\/dstoulouse.com\/fr\/dst-activites-vacances\/\"><strong>Camps de vacances<\/strong><\/a><\/p>\n\n\n\n<figure class=\"wp-block-image size-full\"><img loading=\"lazy\" decoding=\"async\" width=\"450\" height=\"636\" src=\"https:\/\/dstoulouse.com\/wp-content\/uploads\/dst-feriencamps-2026-fruehling-f.jpg\" alt=\"Affiche de l\u2019\u00c9cole Allemande de Toulouse : camp de vacances de printemps 2026, collage montrant des enfants participant \u00e0 diff\u00e9rentes activit\u00e9s.\" class=\"wp-image-22525\" srcset=\"https:\/\/dstoulouse.com\/wp-content\/uploads\/dst-feriencamps-2026-fruehling-f.jpg 450w, https:\/\/dstoulouse.com\/wp-content\/uploads\/dst-feriencamps-2026-fruehling-f-212x300.jpg 212w\" sizes=\"auto, (max-width: 450px) 100vw, 450px\" \/><\/figure>\n","protected":false},"excerpt":{"rendered":"<p>Au cours de la premi\u00e8re semaine des vacances d&rsquo;hiver, la DST a organis\u00e9 un camp cr\u00e9atif o\u00f9 les enfants ont pu travailler chaque jour sur de nouveaux projets.Tandis que dans&#8230; <\/p>\n<div class=\"clear\"><\/div>\n<p><a href=\"https:\/\/dstoulouse.com\/fr\/art-et-creativite-au-camp-de-vacances\/\" class=\"gdlr-button with-border excerpt-read-more\">En savoir plus<\/a><\/p>\n","protected":false},"author":2,"featured_media":22516,"comment_status":"closed","ping_status":"open","sticky":false,"template":"","format":"standard","meta":{"_EventAllDay":false,"_EventTimezone":"","_EventStartDate":"","_EventEndDate":"","_EventStartDateUTC":"","_EventEndDateUTC":"","_EventShowMap":false,"_EventShowMapLink":false,"_EventURL":"","_EventCost":"","_EventCostDescription":"","_EventCurrencySymbol":"","_EventCurrencyCode":"","_EventCurrencyPosition":"","_EventDateTimeSeparator":"","_EventTimeRangeSeparator":"","_EventOrganizerID":[],"_EventVenueID":[],"_OrganizerEmail":"","_OrganizerPhone":"","_OrganizerWebsite":"","_VenueAddress":"","_VenueCity":"","_VenueCountry":"","_VenueProvince":"","_VenueState":"","_VenueZip":"","_VenuePhone":"","_VenueURL":"","_VenueStateProvince":"","_VenueLat":"","_VenueLng":"","_VenueShowMap":false,"_VenueShowMapLink":false,"iawp_total_views":8,"footnotes":""},"categories":[51,45,116],"tags":[],"class_list":["post-22542","post","type-post","status-publish","format-standard","has-post-thumbnail","hentry","category-dst-fr","category-la-vie-a-lecole","category-schuljahr-2025-26"],"yoast_head":"<!-- This site is optimized with the Yoast SEO plugin v27.3 - https:\/\/yoast.com\/product\/yoast-seo-wordpress\/ -->\n<title>Art et cr\u00e9ativit\u00e9 au camp de vacances - Deutsche Schule Toulouse: Exzellente Deutsche Auslandsschule mit Kindergarten, Grundschule und weiterf&uuml;hrender Schule<\/title>\n<meta name=\"robots\" content=\"index, follow, max-snippet:-1, max-image-preview:large, max-video-preview:-1\" \/>\n<link rel=\"canonical\" href=\"https:\/\/dstoulouse.com\/fr\/art-et-creativite-au-camp-de-vacances\/\" \/>\n<meta property=\"og:locale\" content=\"fr_FR\" \/>\n<meta property=\"og:type\" content=\"article\" \/>\n<meta property=\"og:title\" content=\"Art et cr\u00e9ativit\u00e9 au camp de vacances - Deutsche Schule Toulouse: Exzellente Deutsche Auslandsschule mit Kindergarten, Grundschule und weiterf&uuml;hrender Schule\" \/>\n<meta property=\"og:description\" content=\"Au cours de la premi\u00e8re semaine des vacances d&rsquo;hiver, la DST a organis\u00e9 un camp cr\u00e9atif o\u00f9 les enfants ont pu travailler chaque jour sur de nouveaux projets.Tandis que dans... En savoir plus\" \/>\n<meta property=\"og:url\" content=\"https:\/\/dstoulouse.com\/fr\/art-et-creativite-au-camp-de-vacances\/\" \/>\n<meta property=\"og:site_name\" content=\"Deutsche Schule Toulouse: Exzellente Deutsche Auslandsschule mit Kindergarten, Grundschule und weiterf&uuml;hrender Schule\" \/>\n<meta property=\"article:published_time\" content=\"2026-03-09T14:19:29+00:00\" \/>\n<meta property=\"article:modified_time\" content=\"2026-03-09T14:39:55+00:00\" \/>\n<meta property=\"og:image\" content=\"https:\/\/dstoulouse.com\/wp-content\/uploads\/feriencamp-winter-26-1.jpg\" \/>\n\t<meta property=\"og:image:width\" content=\"750\" \/>\n\t<meta property=\"og:image:height\" content=\"330\" \/>\n\t<meta property=\"og:image:type\" content=\"image\/jpeg\" \/>\n<meta name=\"author\" content=\"Nicole KN\u00dcPPEL\" \/>\n<meta name=\"twitter:card\" content=\"summary_large_image\" \/>\n<meta name=\"twitter:label1\" content=\"\u00c9crit par\" \/>\n\t<meta name=\"twitter:data1\" content=\"Nicole KN\u00dcPPEL\" \/>\n\t<meta name=\"twitter:label2\" content=\"Dur\u00e9e de lecture estim\u00e9e\" \/>\n\t<meta name=\"twitter:data2\" content=\"2 minutes\" \/>\n<script type=\"application\/ld+json\" class=\"yoast-schema-graph\">{\"@context\":\"https:\\\/\\\/schema.org\",\"@graph\":[{\"@type\":\"Article\",\"@id\":\"https:\\\/\\\/dstoulouse.com\\\/fr\\\/art-et-creativite-au-camp-de-vacances\\\/#article\",\"isPartOf\":{\"@id\":\"https:\\\/\\\/dstoulouse.com\\\/fr\\\/art-et-creativite-au-camp-de-vacances\\\/\"},\"author\":{\"name\":\"Nicole KN\u00dcPPEL\",\"@id\":\"https:\\\/\\\/dstoulouse.com\\\/#\\\/schema\\\/person\\\/0b48fa4e25c55048d6e0bb98b1696975\"},\"headline\":\"Art et cr\u00e9ativit\u00e9 au camp de vacances\",\"datePublished\":\"2026-03-09T14:19:29+00:00\",\"dateModified\":\"2026-03-09T14:39:55+00:00\",\"mainEntityOfPage\":{\"@id\":\"https:\\\/\\\/dstoulouse.com\\\/fr\\\/art-et-creativite-au-camp-de-vacances\\\/\"},\"wordCount\":294,\"publisher\":{\"@id\":\"https:\\\/\\\/dstoulouse.com\\\/#organization\"},\"image\":{\"@id\":\"https:\\\/\\\/dstoulouse.com\\\/fr\\\/art-et-creativite-au-camp-de-vacances\\\/#primaryimage\"},\"thumbnailUrl\":\"https:\\\/\\\/dstoulouse.com\\\/wp-content\\\/uploads\\\/feriencamp-winter-26-1.jpg\",\"articleSection\":[\"DST\",\"La vie \u00e0 l\u2019\u00e9cole\",\"Schuljahr 2025\\\/26\"],\"inLanguage\":\"fr-FR\"},{\"@type\":\"WebPage\",\"@id\":\"https:\\\/\\\/dstoulouse.com\\\/fr\\\/art-et-creativite-au-camp-de-vacances\\\/\",\"url\":\"https:\\\/\\\/dstoulouse.com\\\/fr\\\/art-et-creativite-au-camp-de-vacances\\\/\",\"name\":\"Art et cr\u00e9ativit\u00e9 au camp de vacances - Deutsche Schule Toulouse: Exzellente Deutsche Auslandsschule mit Kindergarten, Grundschule und weiterf&uuml;hrender Schule\",\"isPartOf\":{\"@id\":\"https:\\\/\\\/dstoulouse.com\\\/#website\"},\"primaryImageOfPage\":{\"@id\":\"https:\\\/\\\/dstoulouse.com\\\/fr\\\/art-et-creativite-au-camp-de-vacances\\\/#primaryimage\"},\"image\":{\"@id\":\"https:\\\/\\\/dstoulouse.com\\\/fr\\\/art-et-creativite-au-camp-de-vacances\\\/#primaryimage\"},\"thumbnailUrl\":\"https:\\\/\\\/dstoulouse.com\\\/wp-content\\\/uploads\\\/feriencamp-winter-26-1.jpg\",\"datePublished\":\"2026-03-09T14:19:29+00:00\",\"dateModified\":\"2026-03-09T14:39:55+00:00\",\"breadcrumb\":{\"@id\":\"https:\\\/\\\/dstoulouse.com\\\/fr\\\/art-et-creativite-au-camp-de-vacances\\\/#breadcrumb\"},\"inLanguage\":\"fr-FR\",\"potentialAction\":[{\"@type\":\"ReadAction\",\"target\":[\"https:\\\/\\\/dstoulouse.com\\\/fr\\\/art-et-creativite-au-camp-de-vacances\\\/\"]}]},{\"@type\":\"ImageObject\",\"inLanguage\":\"fr-FR\",\"@id\":\"https:\\\/\\\/dstoulouse.com\\\/fr\\\/art-et-creativite-au-camp-de-vacances\\\/#primaryimage\",\"url\":\"https:\\\/\\\/dstoulouse.com\\\/wp-content\\\/uploads\\\/feriencamp-winter-26-1.jpg\",\"contentUrl\":\"https:\\\/\\\/dstoulouse.com\\\/wp-content\\\/uploads\\\/feriencamp-winter-26-1.jpg\",\"width\":750,\"height\":330,\"caption\":\"Collage aus drei Bildern: Kinder beim Malen\"},{\"@type\":\"BreadcrumbList\",\"@id\":\"https:\\\/\\\/dstoulouse.com\\\/fr\\\/art-et-creativite-au-camp-de-vacances\\\/#breadcrumb\",\"itemListElement\":[{\"@type\":\"ListItem\",\"position\":1,\"name\":\"Startseite\",\"item\":\"https:\\\/\\\/dstoulouse.com\\\/fr\\\/\"},{\"@type\":\"ListItem\",\"position\":2,\"name\":\"Art et cr\u00e9ativit\u00e9 au camp de vacances\"}]},{\"@type\":\"WebSite\",\"@id\":\"https:\\\/\\\/dstoulouse.com\\\/#website\",\"url\":\"https:\\\/\\\/dstoulouse.com\\\/\",\"name\":\"Deutsche Schule Toulouse: Exzellente Deutsche Auslandsschule mit Kindergarten, Grundschule und weiterf&uuml;hrender Schule\",\"description\":\"Wir bilden das Europa von morgen\",\"publisher\":{\"@id\":\"https:\\\/\\\/dstoulouse.com\\\/#organization\"},\"potentialAction\":[{\"@type\":\"SearchAction\",\"target\":{\"@type\":\"EntryPoint\",\"urlTemplate\":\"https:\\\/\\\/dstoulouse.com\\\/?s={search_term_string}\"},\"query-input\":{\"@type\":\"PropertyValueSpecification\",\"valueRequired\":true,\"valueName\":\"search_term_string\"}}],\"inLanguage\":\"fr-FR\"},{\"@type\":\"Organization\",\"@id\":\"https:\\\/\\\/dstoulouse.com\\\/#organization\",\"name\":\"Deutsche Schule Toulouse\",\"url\":\"https:\\\/\\\/dstoulouse.com\\\/\",\"logo\":{\"@type\":\"ImageObject\",\"inLanguage\":\"fr-FR\",\"@id\":\"https:\\\/\\\/dstoulouse.com\\\/#\\\/schema\\\/logo\\\/image\\\/\",\"url\":\"https:\\\/\\\/dstoulouse.com\\\/wp-content\\\/uploads\\\/dst-logo.jpg\",\"contentUrl\":\"https:\\\/\\\/dstoulouse.com\\\/wp-content\\\/uploads\\\/dst-logo.jpg\",\"width\":149,\"height\":107,\"caption\":\"Deutsche Schule Toulouse\"},\"image\":{\"@id\":\"https:\\\/\\\/dstoulouse.com\\\/#\\\/schema\\\/logo\\\/image\\\/\"}},{\"@type\":\"Person\",\"@id\":\"https:\\\/\\\/dstoulouse.com\\\/#\\\/schema\\\/person\\\/0b48fa4e25c55048d6e0bb98b1696975\",\"name\":\"Nicole KN\u00dcPPEL\"}]}<\/script>\n<!-- \/ Yoast SEO plugin. -->","yoast_head_json":{"title":"Art et cr\u00e9ativit\u00e9 au camp de vacances - Deutsche Schule Toulouse: Exzellente Deutsche Auslandsschule mit Kindergarten, Grundschule und weiterf&uuml;hrender Schule","robots":{"index":"index","follow":"follow","max-snippet":"max-snippet:-1","max-image-preview":"max-image-preview:large","max-video-preview":"max-video-preview:-1"},"canonical":"https:\/\/dstoulouse.com\/fr\/art-et-creativite-au-camp-de-vacances\/","og_locale":"fr_FR","og_type":"article","og_title":"Art et cr\u00e9ativit\u00e9 au camp de vacances - Deutsche Schule Toulouse: Exzellente Deutsche Auslandsschule mit Kindergarten, Grundschule und weiterf&uuml;hrender Schule","og_description":"Au cours de la premi\u00e8re semaine des vacances d&rsquo;hiver, la DST a organis\u00e9 un camp cr\u00e9atif o\u00f9 les enfants ont pu travailler chaque jour sur de nouveaux projets.Tandis que dans... En savoir plus","og_url":"https:\/\/dstoulouse.com\/fr\/art-et-creativite-au-camp-de-vacances\/","og_site_name":"Deutsche Schule Toulouse: Exzellente Deutsche Auslandsschule mit Kindergarten, Grundschule und weiterf&uuml;hrender Schule","article_published_time":"2026-03-09T14:19:29+00:00","article_modified_time":"2026-03-09T14:39:55+00:00","og_image":[{"width":750,"height":330,"url":"https:\/\/dstoulouse.com\/wp-content\/uploads\/feriencamp-winter-26-1.jpg","type":"image\/jpeg"}],"author":"Nicole KN\u00dcPPEL","twitter_card":"summary_large_image","twitter_misc":{"\u00c9crit par":"Nicole KN\u00dcPPEL","Dur\u00e9e de lecture estim\u00e9e":"2 minutes"},"schema":{"@context":"https:\/\/schema.org","@graph":[{"@type":"Article","@id":"https:\/\/dstoulouse.com\/fr\/art-et-creativite-au-camp-de-vacances\/#article","isPartOf":{"@id":"https:\/\/dstoulouse.com\/fr\/art-et-creativite-au-camp-de-vacances\/"},"author":{"name":"Nicole KN\u00dcPPEL","@id":"https:\/\/dstoulouse.com\/#\/schema\/person\/0b48fa4e25c55048d6e0bb98b1696975"},"headline":"Art et cr\u00e9ativit\u00e9 au camp de vacances","datePublished":"2026-03-09T14:19:29+00:00","dateModified":"2026-03-09T14:39:55+00:00","mainEntityOfPage":{"@id":"https:\/\/dstoulouse.com\/fr\/art-et-creativite-au-camp-de-vacances\/"},"wordCount":294,"publisher":{"@id":"https:\/\/dstoulouse.com\/#organization"},"image":{"@id":"https:\/\/dstoulouse.com\/fr\/art-et-creativite-au-camp-de-vacances\/#primaryimage"},"thumbnailUrl":"https:\/\/dstoulouse.com\/wp-content\/uploads\/feriencamp-winter-26-1.jpg","articleSection":["DST","La vie \u00e0 l\u2019\u00e9cole","Schuljahr 2025\/26"],"inLanguage":"fr-FR"},{"@type":"WebPage","@id":"https:\/\/dstoulouse.com\/fr\/art-et-creativite-au-camp-de-vacances\/","url":"https:\/\/dstoulouse.com\/fr\/art-et-creativite-au-camp-de-vacances\/","name":"Art et cr\u00e9ativit\u00e9 au camp de vacances - Deutsche Schule Toulouse: Exzellente Deutsche Auslandsschule mit Kindergarten, Grundschule und weiterf&uuml;hrender Schule","isPartOf":{"@id":"https:\/\/dstoulouse.com\/#website"},"primaryImageOfPage":{"@id":"https:\/\/dstoulouse.com\/fr\/art-et-creativite-au-camp-de-vacances\/#primaryimage"},"image":{"@id":"https:\/\/dstoulouse.com\/fr\/art-et-creativite-au-camp-de-vacances\/#primaryimage"},"thumbnailUrl":"https:\/\/dstoulouse.com\/wp-content\/uploads\/feriencamp-winter-26-1.jpg","datePublished":"2026-03-09T14:19:29+00:00","dateModified":"2026-03-09T14:39:55+00:00","breadcrumb":{"@id":"https:\/\/dstoulouse.com\/fr\/art-et-creativite-au-camp-de-vacances\/#breadcrumb"},"inLanguage":"fr-FR","potentialAction":[{"@type":"ReadAction","target":["https:\/\/dstoulouse.com\/fr\/art-et-creativite-au-camp-de-vacances\/"]}]},{"@type":"ImageObject","inLanguage":"fr-FR","@id":"https:\/\/dstoulouse.com\/fr\/art-et-creativite-au-camp-de-vacances\/#primaryimage","url":"https:\/\/dstoulouse.com\/wp-content\/uploads\/feriencamp-winter-26-1.jpg","contentUrl":"https:\/\/dstoulouse.com\/wp-content\/uploads\/feriencamp-winter-26-1.jpg","width":750,"height":330,"caption":"Collage aus drei Bildern: Kinder beim Malen"},{"@type":"BreadcrumbList","@id":"https:\/\/dstoulouse.com\/fr\/art-et-creativite-au-camp-de-vacances\/#breadcrumb","itemListElement":[{"@type":"ListItem","position":1,"name":"Startseite","item":"https:\/\/dstoulouse.com\/fr\/"},{"@type":"ListItem","position":2,"name":"Art et cr\u00e9ativit\u00e9 au camp de vacances"}]},{"@type":"WebSite","@id":"https:\/\/dstoulouse.com\/#website","url":"https:\/\/dstoulouse.com\/","name":"Deutsche Schule Toulouse: Exzellente Deutsche Auslandsschule mit Kindergarten, Grundschule und weiterf&uuml;hrender Schule","description":"Wir bilden das Europa von morgen","publisher":{"@id":"https:\/\/dstoulouse.com\/#organization"},"potentialAction":[{"@type":"SearchAction","target":{"@type":"EntryPoint","urlTemplate":"https:\/\/dstoulouse.com\/?s={search_term_string}"},"query-input":{"@type":"PropertyValueSpecification","valueRequired":true,"valueName":"search_term_string"}}],"inLanguage":"fr-FR"},{"@type":"Organization","@id":"https:\/\/dstoulouse.com\/#organization","name":"Deutsche Schule Toulouse","url":"https:\/\/dstoulouse.com\/","logo":{"@type":"ImageObject","inLanguage":"fr-FR","@id":"https:\/\/dstoulouse.com\/#\/schema\/logo\/image\/","url":"https:\/\/dstoulouse.com\/wp-content\/uploads\/dst-logo.jpg","contentUrl":"https:\/\/dstoulouse.com\/wp-content\/uploads\/dst-logo.jpg","width":149,"height":107,"caption":"Deutsche Schule Toulouse"},"image":{"@id":"https:\/\/dstoulouse.com\/#\/schema\/logo\/image\/"}},{"@type":"Person","@id":"https:\/\/dstoulouse.com\/#\/schema\/person\/0b48fa4e25c55048d6e0bb98b1696975","name":"Nicole KN\u00dcPPEL"}]}},"_links":{"self":[{"href":"https:\/\/dstoulouse.com\/fr\/wp-json\/wp\/v2\/posts\/22542","targetHints":{"allow":["GET"]}}],"collection":[{"href":"https:\/\/dstoulouse.com\/fr\/wp-json\/wp\/v2\/posts"}],"about":[{"href":"https:\/\/dstoulouse.com\/fr\/wp-json\/wp\/v2\/types\/post"}],"author":[{"embeddable":true,"href":"https:\/\/dstoulouse.com\/fr\/wp-json\/wp\/v2\/users\/2"}],"replies":[{"embeddable":true,"href":"https:\/\/dstoulouse.com\/fr\/wp-json\/wp\/v2\/comments?post=22542"}],"version-history":[{"count":1,"href":"https:\/\/dstoulouse.com\/fr\/wp-json\/wp\/v2\/posts\/22542\/revisions"}],"predecessor-version":[{"id":22544,"href":"https:\/\/dstoulouse.com\/fr\/wp-json\/wp\/v2\/posts\/22542\/revisions\/22544"}],"wp:featuredmedia":[{"embeddable":true,"href":"https:\/\/dstoulouse.com\/fr\/wp-json\/wp\/v2\/media\/22516"}],"wp:attachment":[{"href":"https:\/\/dstoulouse.com\/fr\/wp-json\/wp\/v2\/media?parent=22542"}],"wp:term":[{"taxonomy":"category","embeddable":true,"href":"https:\/\/dstoulouse.com\/fr\/wp-json\/wp\/v2\/categories?post=22542"},{"taxonomy":"post_tag","embeddable":true,"href":"https:\/\/dstoulouse.com\/fr\/wp-json\/wp\/v2\/tags?post=22542"}],"curies":[{"name":"wp","href":"https:\/\/api.w.org\/{rel}","templated":true}]}}