{"id":5712,"date":"2020-07-07T11:25:19","date_gmt":"2020-07-07T09:25:19","guid":{"rendered":"https:\/\/dstoulouse.com\/emil-deutschkurse-fuer-kinder-ab-september\/"},"modified":"2020-10-11T11:20:11","modified_gmt":"2020-10-11T09:20:11","slug":"emil-cours-d-allemand-pour-les-enfants","status":"publish","type":"post","link":"https:\/\/dstoulouse.com\/fr\/emil-cours-d-allemand-pour-les-enfants\/","title":{"rendered":"Emil \u2013 Cours d\u2019allemand pour les enfants \u00e0 partir de septembre"},"content":{"rendered":"\n<p>\u00c0 partir du mois de septembre, nous reprendrons nos cours d&rsquo;allemand pour enfants de niveau d\u00e9butant et avanc\u00e9 les mercredis apr\u00e8s-midi.<\/p>\n\n\n\n<p>Dans ce cours, les enfants de 5 \u00e0 12 ans peuvent apprendre ou approfondir l&rsquo;allemand &#8211; et cela \u00e0 travers des modules de langue sp\u00e9cifiques en dehors du programme scolaire r\u00e9gulier de l&rsquo;\u00e9cole allemande de Toulouse.<\/p>\n\n\n\n<p>Notre objectif est de donner envie d\u2019apprendre la langue et la culture allemandes aux enfants d\u00e9butants. Nous proposons une approche par le jeu, le chant et la pratique orale entre autres, en utilisant du mat\u00e9riel p\u00e9dagogique attrayant.<\/p>\n\n\n\n<p>Les enfants ayant d\u00e9j\u00e0 des bases en allemand &nbsp;peuvent approfondir leurs connaissances dans le cours pour avanc\u00e9s.<\/p>\n\n\n\n<p>Vous trouverez de plus amples informations ainsi que le formulaire d&rsquo;inscription \u00e0 <a href=\"https:\/\/dstoulouse.com\/sprachenschule-emil\/\">Sprachenschule Emil<\/a>, ou vous pouvez nous appeler au 05 67 73 29 04.<\/p>\n","protected":false},"excerpt":{"rendered":"<p>\u00c0 partir du mois de septembre, nous reprendrons nos cours d&rsquo;allemand pour enfants de niveau d\u00e9butant et avanc\u00e9 les mercredis apr\u00e8s-midi. Dans ce cours, les enfants de 5 \u00e0 12&#8230; <\/p>\n<div class=\"clear\"><\/div>\n<p><a href=\"https:\/\/dstoulouse.com\/fr\/emil-cours-d-allemand-pour-les-enfants\/\" class=\"gdlr-button with-border excerpt-read-more\">En savoir plus<\/a><\/p>\n","protected":false},"author":2,"featured_media":4909,"comment_status":"closed","ping_status":"open","sticky":false,"template":"","format":"standard","meta":{"_EventAllDay":false,"_EventTimezone":"","_EventStartDate":"","_EventEndDate":"","_EventStartDateUTC":"","_EventEndDateUTC":"","_EventShowMap":false,"_EventShowMapLink":false,"_EventURL":"","_EventCost":"","_EventCostDescription":"","_EventCurrencySymbol":"","_EventCurrencyCode":"","_EventCurrencyPosition":"","_EventDateTimeSeparator":"","_EventTimeRangeSeparator":"","_EventOrganizerID":[],"_EventVenueID":[],"_OrganizerEmail":"","_OrganizerPhone":"","_OrganizerWebsite":"","_VenueAddress":"","_VenueCity":"","_VenueCountry":"","_VenueProvince":"","_VenueState":"","_VenueZip":"","_VenuePhone":"","_VenueURL":"","_VenueStateProvince":"","_VenueLat":"","_VenueLng":"","_VenueShowMap":false,"_VenueShowMapLink":false,"iawp_total_views":32,"footnotes":""},"categories":[47,45],"tags":[],"class_list":["post-5712","post","type-post","status-publish","format-standard","has-post-thumbnail","hentry","category-annee-scolaire-2020-21","category-la-vie-a-lecole"],"yoast_head":"<!-- This site is optimized with the Yoast SEO plugin v27.3 - https:\/\/yoast.com\/product\/yoast-seo-wordpress\/ -->\n<title>Emil \u2013 Cours d\u2019allemand pour les enfants \u00e0 partir de septembre - Deutsche Schule Toulouse: Exzellente Deutsche Auslandsschule mit Kindergarten, Grundschule und weiterf&uuml;hrender Schule<\/title>\n<meta name=\"description\" content=\"\u00c0 partir du mois de septembre, nous reprendrons nos cours d&#039;allemand pour enfants de niveau d\u00e9butant et avanc\u00e9 les mercredis apr\u00e8s-midi.\" \/>\n<meta name=\"robots\" content=\"index, follow, max-snippet:-1, max-image-preview:large, max-video-preview:-1\" \/>\n<link rel=\"canonical\" href=\"https:\/\/dstoulouse.com\/fr\/emil-cours-d-allemand-pour-les-enfants\/\" \/>\n<meta property=\"og:locale\" content=\"fr_FR\" \/>\n<meta property=\"og:type\" content=\"article\" \/>\n<meta property=\"og:title\" content=\"Emil \u2013 Cours d\u2019allemand pour les enfants \u00e0 partir de septembre - Deutsche Schule Toulouse: Exzellente Deutsche Auslandsschule mit Kindergarten, Grundschule und weiterf&uuml;hrender Schule\" \/>\n<meta property=\"og:description\" content=\"\u00c0 partir du mois de septembre, nous reprendrons nos cours d&#039;allemand pour enfants de niveau d\u00e9butant et avanc\u00e9 les mercredis apr\u00e8s-midi.\" \/>\n<meta property=\"og:url\" content=\"https:\/\/dstoulouse.com\/fr\/emil-cours-d-allemand-pour-les-enfants\/\" \/>\n<meta property=\"og:site_name\" content=\"Deutsche Schule Toulouse: Exzellente Deutsche Auslandsschule mit Kindergarten, Grundschule und weiterf&uuml;hrender Schule\" \/>\n<meta property=\"article:published_time\" content=\"2020-07-07T09:25:19+00:00\" \/>\n<meta property=\"article:modified_time\" content=\"2020-10-11T09:20:11+00:00\" \/>\n<meta property=\"og:image\" content=\"https:\/\/dstoulouse.com\/wp-content\/uploads\/emil.jpg\" \/>\n\t<meta property=\"og:image:width\" content=\"750\" \/>\n\t<meta property=\"og:image:height\" content=\"330\" \/>\n\t<meta property=\"og:image:type\" content=\"image\/jpeg\" \/>\n<meta name=\"author\" content=\"Nicole KN\u00dcPPEL\" \/>\n<meta name=\"twitter:card\" content=\"summary_large_image\" \/>\n<meta name=\"twitter:label1\" content=\"\u00c9crit par\" \/>\n\t<meta name=\"twitter:data1\" content=\"Nicole KN\u00dcPPEL\" \/>\n\t<meta name=\"twitter:label2\" content=\"Dur\u00e9e de lecture estim\u00e9e\" \/>\n\t<meta name=\"twitter:data2\" content=\"1 minute\" \/>\n<script type=\"application\/ld+json\" class=\"yoast-schema-graph\">{\"@context\":\"https:\\\/\\\/schema.org\",\"@graph\":[{\"@type\":\"Article\",\"@id\":\"https:\\\/\\\/dstoulouse.com\\\/fr\\\/emil-cours-d-allemand-pour-les-enfants\\\/#article\",\"isPartOf\":{\"@id\":\"https:\\\/\\\/dstoulouse.com\\\/fr\\\/emil-cours-d-allemand-pour-les-enfants\\\/\"},\"author\":{\"name\":\"Nicole KN\u00dcPPEL\",\"@id\":\"https:\\\/\\\/dstoulouse.com\\\/#\\\/schema\\\/person\\\/0b48fa4e25c55048d6e0bb98b1696975\"},\"headline\":\"Emil \u2013 Cours d\u2019allemand pour les enfants \u00e0 partir de septembre\",\"datePublished\":\"2020-07-07T09:25:19+00:00\",\"dateModified\":\"2020-10-11T09:20:11+00:00\",\"mainEntityOfPage\":{\"@id\":\"https:\\\/\\\/dstoulouse.com\\\/fr\\\/emil-cours-d-allemand-pour-les-enfants\\\/\"},\"wordCount\":150,\"publisher\":{\"@id\":\"https:\\\/\\\/dstoulouse.com\\\/#organization\"},\"image\":{\"@id\":\"https:\\\/\\\/dstoulouse.com\\\/fr\\\/emil-cours-d-allemand-pour-les-enfants\\\/#primaryimage\"},\"thumbnailUrl\":\"https:\\\/\\\/dstoulouse.com\\\/wp-content\\\/uploads\\\/emil.jpg\",\"articleSection\":[\"Ann\u00e9e scolaire 2020\\\/21\",\"La vie \u00e0 l\u2019\u00e9cole\"],\"inLanguage\":\"fr-FR\"},{\"@type\":\"WebPage\",\"@id\":\"https:\\\/\\\/dstoulouse.com\\\/fr\\\/emil-cours-d-allemand-pour-les-enfants\\\/\",\"url\":\"https:\\\/\\\/dstoulouse.com\\\/fr\\\/emil-cours-d-allemand-pour-les-enfants\\\/\",\"name\":\"Emil \u2013 Cours d\u2019allemand pour les enfants \u00e0 partir de septembre - Deutsche Schule Toulouse: Exzellente Deutsche Auslandsschule mit Kindergarten, Grundschule und weiterf&uuml;hrender Schule\",\"isPartOf\":{\"@id\":\"https:\\\/\\\/dstoulouse.com\\\/#website\"},\"primaryImageOfPage\":{\"@id\":\"https:\\\/\\\/dstoulouse.com\\\/fr\\\/emil-cours-d-allemand-pour-les-enfants\\\/#primaryimage\"},\"image\":{\"@id\":\"https:\\\/\\\/dstoulouse.com\\\/fr\\\/emil-cours-d-allemand-pour-les-enfants\\\/#primaryimage\"},\"thumbnailUrl\":\"https:\\\/\\\/dstoulouse.com\\\/wp-content\\\/uploads\\\/emil.jpg\",\"datePublished\":\"2020-07-07T09:25:19+00:00\",\"dateModified\":\"2020-10-11T09:20:11+00:00\",\"description\":\"\u00c0 partir du mois de septembre, nous reprendrons nos cours d'allemand pour enfants de niveau d\u00e9butant et avanc\u00e9 les mercredis apr\u00e8s-midi.\",\"breadcrumb\":{\"@id\":\"https:\\\/\\\/dstoulouse.com\\\/fr\\\/emil-cours-d-allemand-pour-les-enfants\\\/#breadcrumb\"},\"inLanguage\":\"fr-FR\",\"potentialAction\":[{\"@type\":\"ReadAction\",\"target\":[\"https:\\\/\\\/dstoulouse.com\\\/fr\\\/emil-cours-d-allemand-pour-les-enfants\\\/\"]}]},{\"@type\":\"ImageObject\",\"inLanguage\":\"fr-FR\",\"@id\":\"https:\\\/\\\/dstoulouse.com\\\/fr\\\/emil-cours-d-allemand-pour-les-enfants\\\/#primaryimage\",\"url\":\"https:\\\/\\\/dstoulouse.com\\\/wp-content\\\/uploads\\\/emil.jpg\",\"contentUrl\":\"https:\\\/\\\/dstoulouse.com\\\/wp-content\\\/uploads\\\/emil.jpg\",\"width\":750,\"height\":330,\"caption\":\"Emil: \u00c9cole du Mercredi Interculturelle et Linguistique - Mittwochs-Sprachschule an der Deutschen Schule Toulouse\"},{\"@type\":\"BreadcrumbList\",\"@id\":\"https:\\\/\\\/dstoulouse.com\\\/fr\\\/emil-cours-d-allemand-pour-les-enfants\\\/#breadcrumb\",\"itemListElement\":[{\"@type\":\"ListItem\",\"position\":1,\"name\":\"Startseite\",\"item\":\"https:\\\/\\\/dstoulouse.com\\\/fr\\\/\"},{\"@type\":\"ListItem\",\"position\":2,\"name\":\"Emil \u2013 Cours d\u2019allemand pour les enfants \u00e0 partir de septembre\"}]},{\"@type\":\"WebSite\",\"@id\":\"https:\\\/\\\/dstoulouse.com\\\/#website\",\"url\":\"https:\\\/\\\/dstoulouse.com\\\/\",\"name\":\"Deutsche Schule Toulouse: Exzellente Deutsche Auslandsschule mit Kindergarten, Grundschule und weiterf&uuml;hrender Schule\",\"description\":\"Wir bilden das Europa von morgen\",\"publisher\":{\"@id\":\"https:\\\/\\\/dstoulouse.com\\\/#organization\"},\"potentialAction\":[{\"@type\":\"SearchAction\",\"target\":{\"@type\":\"EntryPoint\",\"urlTemplate\":\"https:\\\/\\\/dstoulouse.com\\\/?s={search_term_string}\"},\"query-input\":{\"@type\":\"PropertyValueSpecification\",\"valueRequired\":true,\"valueName\":\"search_term_string\"}}],\"inLanguage\":\"fr-FR\"},{\"@type\":\"Organization\",\"@id\":\"https:\\\/\\\/dstoulouse.com\\\/#organization\",\"name\":\"Deutsche Schule Toulouse\",\"url\":\"https:\\\/\\\/dstoulouse.com\\\/\",\"logo\":{\"@type\":\"ImageObject\",\"inLanguage\":\"fr-FR\",\"@id\":\"https:\\\/\\\/dstoulouse.com\\\/#\\\/schema\\\/logo\\\/image\\\/\",\"url\":\"https:\\\/\\\/dstoulouse.com\\\/wp-content\\\/uploads\\\/dst-logo.jpg\",\"contentUrl\":\"https:\\\/\\\/dstoulouse.com\\\/wp-content\\\/uploads\\\/dst-logo.jpg\",\"width\":149,\"height\":107,\"caption\":\"Deutsche Schule Toulouse\"},\"image\":{\"@id\":\"https:\\\/\\\/dstoulouse.com\\\/#\\\/schema\\\/logo\\\/image\\\/\"}},{\"@type\":\"Person\",\"@id\":\"https:\\\/\\\/dstoulouse.com\\\/#\\\/schema\\\/person\\\/0b48fa4e25c55048d6e0bb98b1696975\",\"name\":\"Nicole KN\u00dcPPEL\"}]}<\/script>\n<!-- \/ Yoast SEO plugin. -->","yoast_head_json":{"title":"Emil \u2013 Cours d\u2019allemand pour les enfants \u00e0 partir de septembre - Deutsche Schule Toulouse: Exzellente Deutsche Auslandsschule mit Kindergarten, Grundschule und weiterf&uuml;hrender Schule","description":"\u00c0 partir du mois de septembre, nous reprendrons nos cours d'allemand pour enfants de niveau d\u00e9butant et avanc\u00e9 les mercredis apr\u00e8s-midi.","robots":{"index":"index","follow":"follow","max-snippet":"max-snippet:-1","max-image-preview":"max-image-preview:large","max-video-preview":"max-video-preview:-1"},"canonical":"https:\/\/dstoulouse.com\/fr\/emil-cours-d-allemand-pour-les-enfants\/","og_locale":"fr_FR","og_type":"article","og_title":"Emil \u2013 Cours d\u2019allemand pour les enfants \u00e0 partir de septembre - Deutsche Schule Toulouse: Exzellente Deutsche Auslandsschule mit Kindergarten, Grundschule und weiterf&uuml;hrender Schule","og_description":"\u00c0 partir du mois de septembre, nous reprendrons nos cours d'allemand pour enfants de niveau d\u00e9butant et avanc\u00e9 les mercredis apr\u00e8s-midi.","og_url":"https:\/\/dstoulouse.com\/fr\/emil-cours-d-allemand-pour-les-enfants\/","og_site_name":"Deutsche Schule Toulouse: Exzellente Deutsche Auslandsschule mit Kindergarten, Grundschule und weiterf&uuml;hrender Schule","article_published_time":"2020-07-07T09:25:19+00:00","article_modified_time":"2020-10-11T09:20:11+00:00","og_image":[{"width":750,"height":330,"url":"https:\/\/dstoulouse.com\/wp-content\/uploads\/emil.jpg","type":"image\/jpeg"}],"author":"Nicole KN\u00dcPPEL","twitter_card":"summary_large_image","twitter_misc":{"\u00c9crit par":"Nicole KN\u00dcPPEL","Dur\u00e9e de lecture estim\u00e9e":"1 minute"},"schema":{"@context":"https:\/\/schema.org","@graph":[{"@type":"Article","@id":"https:\/\/dstoulouse.com\/fr\/emil-cours-d-allemand-pour-les-enfants\/#article","isPartOf":{"@id":"https:\/\/dstoulouse.com\/fr\/emil-cours-d-allemand-pour-les-enfants\/"},"author":{"name":"Nicole KN\u00dcPPEL","@id":"https:\/\/dstoulouse.com\/#\/schema\/person\/0b48fa4e25c55048d6e0bb98b1696975"},"headline":"Emil \u2013 Cours d\u2019allemand pour les enfants \u00e0 partir de septembre","datePublished":"2020-07-07T09:25:19+00:00","dateModified":"2020-10-11T09:20:11+00:00","mainEntityOfPage":{"@id":"https:\/\/dstoulouse.com\/fr\/emil-cours-d-allemand-pour-les-enfants\/"},"wordCount":150,"publisher":{"@id":"https:\/\/dstoulouse.com\/#organization"},"image":{"@id":"https:\/\/dstoulouse.com\/fr\/emil-cours-d-allemand-pour-les-enfants\/#primaryimage"},"thumbnailUrl":"https:\/\/dstoulouse.com\/wp-content\/uploads\/emil.jpg","articleSection":["Ann\u00e9e scolaire 2020\/21","La vie \u00e0 l\u2019\u00e9cole"],"inLanguage":"fr-FR"},{"@type":"WebPage","@id":"https:\/\/dstoulouse.com\/fr\/emil-cours-d-allemand-pour-les-enfants\/","url":"https:\/\/dstoulouse.com\/fr\/emil-cours-d-allemand-pour-les-enfants\/","name":"Emil \u2013 Cours d\u2019allemand pour les enfants \u00e0 partir de septembre - Deutsche Schule Toulouse: Exzellente Deutsche Auslandsschule mit Kindergarten, Grundschule und weiterf&uuml;hrender Schule","isPartOf":{"@id":"https:\/\/dstoulouse.com\/#website"},"primaryImageOfPage":{"@id":"https:\/\/dstoulouse.com\/fr\/emil-cours-d-allemand-pour-les-enfants\/#primaryimage"},"image":{"@id":"https:\/\/dstoulouse.com\/fr\/emil-cours-d-allemand-pour-les-enfants\/#primaryimage"},"thumbnailUrl":"https:\/\/dstoulouse.com\/wp-content\/uploads\/emil.jpg","datePublished":"2020-07-07T09:25:19+00:00","dateModified":"2020-10-11T09:20:11+00:00","description":"\u00c0 partir du mois de septembre, nous reprendrons nos cours d'allemand pour enfants de niveau d\u00e9butant et avanc\u00e9 les mercredis apr\u00e8s-midi.","breadcrumb":{"@id":"https:\/\/dstoulouse.com\/fr\/emil-cours-d-allemand-pour-les-enfants\/#breadcrumb"},"inLanguage":"fr-FR","potentialAction":[{"@type":"ReadAction","target":["https:\/\/dstoulouse.com\/fr\/emil-cours-d-allemand-pour-les-enfants\/"]}]},{"@type":"ImageObject","inLanguage":"fr-FR","@id":"https:\/\/dstoulouse.com\/fr\/emil-cours-d-allemand-pour-les-enfants\/#primaryimage","url":"https:\/\/dstoulouse.com\/wp-content\/uploads\/emil.jpg","contentUrl":"https:\/\/dstoulouse.com\/wp-content\/uploads\/emil.jpg","width":750,"height":330,"caption":"Emil: \u00c9cole du Mercredi Interculturelle et Linguistique - Mittwochs-Sprachschule an der Deutschen Schule Toulouse"},{"@type":"BreadcrumbList","@id":"https:\/\/dstoulouse.com\/fr\/emil-cours-d-allemand-pour-les-enfants\/#breadcrumb","itemListElement":[{"@type":"ListItem","position":1,"name":"Startseite","item":"https:\/\/dstoulouse.com\/fr\/"},{"@type":"ListItem","position":2,"name":"Emil \u2013 Cours d\u2019allemand pour les enfants \u00e0 partir de septembre"}]},{"@type":"WebSite","@id":"https:\/\/dstoulouse.com\/#website","url":"https:\/\/dstoulouse.com\/","name":"Deutsche Schule Toulouse: Exzellente Deutsche Auslandsschule mit Kindergarten, Grundschule und weiterf&uuml;hrender Schule","description":"Wir bilden das Europa von morgen","publisher":{"@id":"https:\/\/dstoulouse.com\/#organization"},"potentialAction":[{"@type":"SearchAction","target":{"@type":"EntryPoint","urlTemplate":"https:\/\/dstoulouse.com\/?s={search_term_string}"},"query-input":{"@type":"PropertyValueSpecification","valueRequired":true,"valueName":"search_term_string"}}],"inLanguage":"fr-FR"},{"@type":"Organization","@id":"https:\/\/dstoulouse.com\/#organization","name":"Deutsche Schule Toulouse","url":"https:\/\/dstoulouse.com\/","logo":{"@type":"ImageObject","inLanguage":"fr-FR","@id":"https:\/\/dstoulouse.com\/#\/schema\/logo\/image\/","url":"https:\/\/dstoulouse.com\/wp-content\/uploads\/dst-logo.jpg","contentUrl":"https:\/\/dstoulouse.com\/wp-content\/uploads\/dst-logo.jpg","width":149,"height":107,"caption":"Deutsche Schule Toulouse"},"image":{"@id":"https:\/\/dstoulouse.com\/#\/schema\/logo\/image\/"}},{"@type":"Person","@id":"https:\/\/dstoulouse.com\/#\/schema\/person\/0b48fa4e25c55048d6e0bb98b1696975","name":"Nicole KN\u00dcPPEL"}]}},"_links":{"self":[{"href":"https:\/\/dstoulouse.com\/fr\/wp-json\/wp\/v2\/posts\/5712","targetHints":{"allow":["GET"]}}],"collection":[{"href":"https:\/\/dstoulouse.com\/fr\/wp-json\/wp\/v2\/posts"}],"about":[{"href":"https:\/\/dstoulouse.com\/fr\/wp-json\/wp\/v2\/types\/post"}],"author":[{"embeddable":true,"href":"https:\/\/dstoulouse.com\/fr\/wp-json\/wp\/v2\/users\/2"}],"replies":[{"embeddable":true,"href":"https:\/\/dstoulouse.com\/fr\/wp-json\/wp\/v2\/comments?post=5712"}],"version-history":[{"count":0,"href":"https:\/\/dstoulouse.com\/fr\/wp-json\/wp\/v2\/posts\/5712\/revisions"}],"wp:featuredmedia":[{"embeddable":true,"href":"https:\/\/dstoulouse.com\/fr\/wp-json\/wp\/v2\/media\/4909"}],"wp:attachment":[{"href":"https:\/\/dstoulouse.com\/fr\/wp-json\/wp\/v2\/media?parent=5712"}],"wp:term":[{"taxonomy":"category","embeddable":true,"href":"https:\/\/dstoulouse.com\/fr\/wp-json\/wp\/v2\/categories?post=5712"},{"taxonomy":"post_tag","embeddable":true,"href":"https:\/\/dstoulouse.com\/fr\/wp-json\/wp\/v2\/tags?post=5712"}],"curies":[{"name":"wp","href":"https:\/\/api.w.org\/{rel}","templated":true}]}}