{"id":5929,"date":"2020-10-23T11:31:46","date_gmt":"2020-10-23T09:31:46","guid":{"rendered":"https:\/\/dstoulouse.com\/jahreshauptversammlung-gut-aufgestellt-fuer-die-zukunft\/"},"modified":"2020-11-10T15:14:14","modified_gmt":"2020-11-10T14:14:14","slug":"assemblee-generale-annuelle-l-avenir-se-presente-bien","status":"publish","type":"post","link":"https:\/\/dstoulouse.com\/fr\/assemblee-generale-annuelle-l-avenir-se-presente-bien\/","title":{"rendered":"Assembl\u00e9e g\u00e9n\u00e9rale annuelle: l\u2019avenir se pr\u00e9sente bien"},"content":{"rendered":"\n<p><strong><strong>Nombre d\u2019\u00e9l\u00e8ves constant, budget \u00e9quilibr\u00e9 : l\u2019Ecole Allemande de Toulouse est un bon employeur dans la r\u00e9gion<\/strong><\/strong><\/p>\n\n\n\n<p>Colomiers, 15 octobre 2020<\/p>\n\n\n\n<p>Lors de l\u2019Assembl\u00e9e g\u00e9n\u00e9rale annuelle de l\u2019Ecole Allemande de Toulouse, Ulf Zimdahl, Pr\u00e9sident du Conseil d\u2019administration, a pr\u00e9sent\u00e9 un budget \u00e9quilibr\u00e9 fond\u00e9 sur un nombre d\u2019\u00e9l\u00e8ves constant et un r\u00e9sultat financier positif. Afin d\u2019assister \u00e0 la pr\u00e9sentation du bilan et de la strat\u00e9gie, pr\u00e8s de 100 membres de l\u2019association s\u2019\u00e9taient rassembl\u00e9s dans deux salles de l\u2019Eurocampus reli\u00e9es par transmission simultan\u00e9e en raison des mesures sanitaires dues au Coronavirus.<\/p>\n\n\n\n<p>A l\u2018occasion d\u2019un mot d\u2019accueil par vid\u00e9o, la comtesse von Roedern, Consule g\u00e9n\u00e9rale, a soulign\u00e9 l\u2019estime qu\u2019elle porte \u00e0 l\u2019Ecole Allemande de Toulouse et les liens \u00e9troits qu\u2019elle entretient avec celle-ci, insistant sur l\u2019importance d\u2019une offre de formation allemande d\u2018excellence venant enrichir l\u2019interculturalit\u00e9 au c\u0153ur m\u00eame du site d\u2019Airbus \u00e0 Toulouse. Elle a insist\u00e9 sur le fait que sur la base de la strat\u00e9gie innovante de l\u2019\u00e9cole, l\u2019engagement apport\u00e9 par tous les participants et les excellents r\u00e9sultats qui \u00e9taient esp\u00e9r\u00e9s et qui ont \u00e9t\u00e9 atteints, le gouvernement f\u00e9d\u00e9ral allemand continuera \u00e0 soutenir et promouvoir l\u2019\u00e9tablissement scolaire toulousain dans son ensemble pour lutter contre la crise, avec des effets positifs sur les perspectives, le budget et l\u2019emploi.<\/p>\n\n\n\n<figure class=\"wp-block-video aligncenter\"><video controls src=\"https:\/\/dstoulouse.com\/wp-content\/uploads\/2020_grusswort-deutsches-generalkonsulat.mov\"><\/video><figcaption>Mot d&rsquo;accueil de la comtesse von Roedern, Consule g\u00e9n\u00e9rale.<\/figcaption><\/figure>\n\n\n\n<p><\/p>\n\n\n\n<p>Marcella Hoffmann, notre marraine chez Airbus, a soulign\u00e9 dans ses mots d\u2019introduction la belle r\u00e9ussite \u00e0 plusieurs niveaux de l\u2019interconnexion qui existe entre l\u2019Ecole Allemande et l\u2019entreprise a\u00e9ronautique. Elle a redit \u00e0 quel point l\u2019Ecole Allemande et Airbus lui tiennent \u00e0 c\u0153ur. On peut \u00eatre fier de ce qui a \u00e9t\u00e9 accompli ; sans l\u2019engagement de tous, cela ne pourrait fonctionner, l\u2019\u00e9cole repose sur de bonnes bases financi\u00e8rement, ce qui repr\u00e9sente un point important quant \u00e0 la s\u00e9curit\u00e9 de l\u2019emploi, a-t-elle d\u00e9clar\u00e9.<\/p>\n\n\n\n<p>Ulf Zimdahl a insist\u00e9 dans son discours de cl\u00f4ture sur le signe distinctif de l\u2019Ecole Allemande. La possibilit\u00e9 d\u2019un dipl\u00f4me double, l\u2019Abibac, engendre d\u2019un impact favorable qui va croissant, accompagn\u00e9 simultan\u00e9ment par de bons r\u00e9sultats et d\u2018excellentes perspectives. La possibilit\u00e9 ouverte r\u00e9cemment, d\u2019aller au kindergarten d\u00e8s l\u2019\u00e2ge de deux ans permet d\u2018arrondir le parcours jusqu\u2019aux ann\u00e9es les plus jeunes. M. Zimdahl souhaite poursuivre \u00e0 l\u2019avenir les possibilit\u00e9s incommensurables qui s\u2019offrent gr\u00e2ce au r\u00e9seau des environ 150 \u00e9coles allemandes \u00e0 l\u2019\u00e9tranger. En plus du renforcement de partenariats \u00e9tablis, le Pr\u00e9sident du Conseil d\u2018administration souhaite par l\u00e0-m\u00eame d\u00e9velopper des offres digitales notamment. Dans le cadre de ce qui fut une r\u00e9ussite manifeste, l\u2018instruction \u00e0 la maison, l\u2019Ecole Allemande avait d\u00e9j\u00e0 soulign\u00e9 son r\u00f4le d\u00e9terminant l\u2019ann\u00e9e derni\u00e8re dans la ma\u00eetrise informatique de la crise. Sous le slogan d\u2018\u201cEcole de demain\u201c l\u2019association projette maintenant, \u00e0 la suite d\u2018une analyse globale, strat\u00e9gique et p\u00e9dagogique, de mettre \u00e0 disposition d\u2019autres moyens, aussi et surtout afin de se positionner \u00e0 l\u2019avenir sur un registre renforc\u00e9 en mati\u00e8re de digitalisation et d\u2019\u00eatre de cette fa\u00e7on par\u00e9s contre les crises. C\u2019est avec une certaine fiert\u00e9 que M. Zimdahl regarde en arri\u00e8re ce qui a \u00e9t\u00e9 accompli.<\/p>\n\n\n\n<p>On a pu amorcer la nouvelle ann\u00e9e scolaire 2020\/2021 dans une normalit\u00e9 nouvelle pour nous. M. Zimdahl a soulign\u00e9 lui aussi l\u2019excellente position que l\u2019Ecole Allemande de Toulouse occupe quant \u00e0 sa r\u00e9putation en tant qu\u2019employeur.<\/p>\n\n\n\n<p>Dans le cadre de l\u2019Assembl\u00e9e g\u00e9n\u00e9rale, l\u2019\u00e9quipe du Conseil d\u2019administration a \u00e9t\u00e9 confirm\u00e9e dans ses fonctions ou, selon le cas, nouvellement \u00e9lue. Le Conseil d\u2019administration, comprenant des experts dans des domaines les plus divers, a \u00e9t\u00e9 constitu\u00e9 comme suit: <\/p>\n\n\n\n<ul class=\"wp-block-list\"><li>Ulf Zimdahl (Pr\u00e9sident)<\/li><li>Birgit Ponnath (Vice-pr\u00e9sidente)<\/li><li>Michael Stattmann (Tr\u00e9sorier) [r\u00e9\u00e9lu]<\/li><li>Stefan Schaffrath [r\u00e9\u00e9lu]<\/li><li>Michael Augello<\/li><li>Stephan Hirsch<\/li><li>Philippe Telle<\/li><li>Dr. Christian P\u00f6tzsch [confirm\u00e9 dans sa fonction]<\/li><li>Silke Kamlah [confirm\u00e9e dans sa fonction]<\/li><li>Daniel Wenninger [nouvellement \u00e9lu]<\/li><\/ul>\n\n\n\n<p>ous les membres du Conseil d\u2019administration se sentent li\u00e9s par l\u2019amit\u00e9 franco-allemande et consid\u00e8rent le slogan de l\u2019\u00e9cole \u201eWir bilden das Europa von Morgen (Nous formons l\u2019Europe de demain)\u201c comme leur mission fondamentale.<\/p>\n\n\n\n<p>\u201eMalgr\u00e9 le mode de crise actuel, en tant qu\u2019\u00e9quipe nous avons rempli et m\u00eame d\u00e9pass\u00e9 tous les objectifs de l\u2019ann\u00e9e \u00e9coul\u00e9e que nous nous \u00e9tions fix\u00e9s. Mes remerciements les plus sinc\u00e8res vont \u00e0 tous ceux qui y ont contribu\u00e9!\u201c Ainsi Ulf Zimdahl r\u00e9sume-t-il le travail accompli. \u201eNous avons confiance en l\u2019avenir, nous sommes reconnaissants et m\u00eame fiers de repr\u00e9senter une partie de \u201el\u2019amiti\u00e9 franco-allemande\u201c. Nous sommes tr\u00e8s heureux de voir que quelques centaines d\u2019enfants peuvent b\u00e9n\u00e9ficier aujourd\u2018hui et \u00e0 l\u2018avenir d\u2019un bon enseignement au sein de notre \u00e9cole allemande de Toulouse, conform\u00e9ment \u00e0 notre slogan \u201eWir bilden das Europa von Morgen!\u201c<\/p>\n\n\n\n<div class=\"wp-block-image\"><figure class=\"aligncenter size-large\"><img loading=\"lazy\" decoding=\"async\" width=\"640\" height=\"480\" src=\"https:\/\/dstoulouse.com\/wp-content\/uploads\/2020dstv_vorstand.jpg\" alt=\"Vorstand des Schulvereins auf der Jahreshauptversammlung 2020\" class=\"wp-image-5828\" srcset=\"https:\/\/dstoulouse.com\/wp-content\/uploads\/2020dstv_vorstand.jpg 640w, https:\/\/dstoulouse.com\/wp-content\/uploads\/2020dstv_vorstand-300x225.jpg 300w, https:\/\/dstoulouse.com\/wp-content\/uploads\/2020dstv_vorstand-400x300.jpg 400w\" sizes=\"auto, (max-width: 640px) 100vw, 640px\" \/><figcaption>Le CA de gauche \u00e0 droite<br>(debout): Michael Augello, Birgit Ponnath, Ulf Zimdahl, Daniel Wenninger, Stefan Schaffrath<br>(\u00e0 genoux): Philippe Telle, Christian P\u00f6tzsch, Michael Stattmann, Stephan Hirsch<\/figcaption><\/figure><\/div>\n\n\n\n<p><\/p>\n","protected":false},"excerpt":{"rendered":"<p>Nombre d\u2019\u00e9l\u00e8ves constant, budget \u00e9quilibr\u00e9 : l\u2019Ecole Allemande de Toulouse est un bon employeur dans la r\u00e9gion Colomiers, 15 octobre 2020 Lors de l\u2019Assembl\u00e9e g\u00e9n\u00e9rale annuelle de l\u2019Ecole Allemande de&#8230; <\/p>\n<div class=\"clear\"><\/div>\n<p><a href=\"https:\/\/dstoulouse.com\/fr\/assemblee-generale-annuelle-l-avenir-se-presente-bien\/\" class=\"gdlr-button with-border excerpt-read-more\">En savoir plus<\/a><\/p>\n","protected":false},"author":3,"featured_media":5809,"comment_status":"closed","ping_status":"open","sticky":false,"template":"","format":"standard","meta":{"_EventAllDay":false,"_EventTimezone":"","_EventStartDate":"","_EventEndDate":"","_EventStartDateUTC":"","_EventEndDateUTC":"","_EventShowMap":false,"_EventShowMapLink":false,"_EventURL":"","_EventCost":"","_EventCostDescription":"","_EventCurrencySymbol":"","_EventCurrencyCode":"","_EventCurrencyPosition":"","_EventDateTimeSeparator":"","_EventTimeRangeSeparator":"","_EventOrganizerID":[],"_EventVenueID":[],"_OrganizerEmail":"","_OrganizerPhone":"","_OrganizerWebsite":"","_VenueAddress":"","_VenueCity":"","_VenueCountry":"","_VenueProvince":"","_VenueState":"","_VenueZip":"","_VenuePhone":"","_VenueURL":"","_VenueStateProvince":"","_VenueLat":"","_VenueLng":"","_VenueShowMap":false,"_VenueShowMapLink":false,"iawp_total_views":13,"footnotes":""},"categories":[47,51],"tags":[],"class_list":["post-5929","post","type-post","status-publish","format-standard","has-post-thumbnail","hentry","category-annee-scolaire-2020-21","category-dst-fr"],"yoast_head":"<!-- This site is optimized with the Yoast SEO plugin v27.3 - https:\/\/yoast.com\/product\/yoast-seo-wordpress\/ -->\n<title>Deutsche Schule Toulouse - Assembl\u00e9e g\u00e9n\u00e9rale annuelle: l\u2019avenir se pr\u00e9sente bien<\/title>\n<meta name=\"description\" content=\"Jahreshauptversammlung 15.10.2020: Solide Sch\u00fclerzahlen, ausgeglichener Haushalt und die Deutsche Schule Toulouse ein sicherer Arbeitgeber in der Region\" \/>\n<meta name=\"robots\" content=\"index, follow, max-snippet:-1, max-image-preview:large, max-video-preview:-1\" \/>\n<link rel=\"canonical\" href=\"https:\/\/dstoulouse.com\/fr\/assemblee-generale-annuelle-l-avenir-se-presente-bien\/\" \/>\n<meta property=\"og:locale\" content=\"fr_FR\" \/>\n<meta property=\"og:type\" content=\"article\" \/>\n<meta property=\"og:title\" content=\"Deutsche Schule Toulouse - Assembl\u00e9e g\u00e9n\u00e9rale annuelle: l\u2019avenir se pr\u00e9sente bien\" \/>\n<meta property=\"og:description\" content=\"Jahreshauptversammlung 15.10.2020: Solide Sch\u00fclerzahlen, ausgeglichener Haushalt und die Deutsche Schule Toulouse ein sicherer Arbeitgeber in der Region\" \/>\n<meta property=\"og:url\" content=\"https:\/\/dstoulouse.com\/fr\/assemblee-generale-annuelle-l-avenir-se-presente-bien\/\" \/>\n<meta property=\"og:site_name\" content=\"Deutsche Schule Toulouse: Exzellente Deutsche Auslandsschule mit Kindergarten, Grundschule und weiterf&uuml;hrender Schule\" \/>\n<meta property=\"article:published_time\" content=\"2020-10-23T09:31:46+00:00\" \/>\n<meta property=\"article:modified_time\" content=\"2020-11-10T14:14:14+00:00\" \/>\n<meta property=\"og:image\" content=\"https:\/\/dstoulouse.com\/wp-content\/uploads\/2020_dst_vorstand-und-verwaltung.jpg\" \/>\n\t<meta property=\"og:image:width\" content=\"750\" \/>\n\t<meta property=\"og:image:height\" content=\"330\" \/>\n\t<meta property=\"og:image:type\" content=\"image\/jpeg\" \/>\n<meta name=\"author\" content=\"Birgit BIERE\" \/>\n<meta name=\"twitter:card\" content=\"summary_large_image\" \/>\n<meta name=\"twitter:label1\" content=\"\u00c9crit par\" \/>\n\t<meta name=\"twitter:data1\" content=\"Birgit BIERE\" \/>\n\t<meta name=\"twitter:label2\" content=\"Dur\u00e9e de lecture estim\u00e9e\" \/>\n\t<meta name=\"twitter:data2\" content=\"5 minutes\" \/>\n<script type=\"application\/ld+json\" class=\"yoast-schema-graph\">{\"@context\":\"https:\\\/\\\/schema.org\",\"@graph\":[{\"@type\":\"Article\",\"@id\":\"https:\\\/\\\/dstoulouse.com\\\/fr\\\/assemblee-generale-annuelle-l-avenir-se-presente-bien\\\/#article\",\"isPartOf\":{\"@id\":\"https:\\\/\\\/dstoulouse.com\\\/fr\\\/assemblee-generale-annuelle-l-avenir-se-presente-bien\\\/\"},\"author\":{\"name\":\"Birgit BIERE\",\"@id\":\"https:\\\/\\\/dstoulouse.com\\\/#\\\/schema\\\/person\\\/eb9a2823876fff64c3f5606771fa4b86\"},\"headline\":\"Assembl\u00e9e g\u00e9n\u00e9rale annuelle: l\u2019avenir se pr\u00e9sente bien\",\"datePublished\":\"2020-10-23T09:31:46+00:00\",\"dateModified\":\"2020-11-10T14:14:14+00:00\",\"mainEntityOfPage\":{\"@id\":\"https:\\\/\\\/dstoulouse.com\\\/fr\\\/assemblee-generale-annuelle-l-avenir-se-presente-bien\\\/\"},\"wordCount\":918,\"publisher\":{\"@id\":\"https:\\\/\\\/dstoulouse.com\\\/#organization\"},\"image\":{\"@id\":\"https:\\\/\\\/dstoulouse.com\\\/fr\\\/assemblee-generale-annuelle-l-avenir-se-presente-bien\\\/#primaryimage\"},\"thumbnailUrl\":\"https:\\\/\\\/dstoulouse.com\\\/wp-content\\\/uploads\\\/2020_dst_vorstand-und-verwaltung.jpg\",\"articleSection\":[\"Ann\u00e9e scolaire 2020\\\/21\",\"DST\"],\"inLanguage\":\"fr-FR\"},{\"@type\":\"WebPage\",\"@id\":\"https:\\\/\\\/dstoulouse.com\\\/fr\\\/assemblee-generale-annuelle-l-avenir-se-presente-bien\\\/\",\"url\":\"https:\\\/\\\/dstoulouse.com\\\/fr\\\/assemblee-generale-annuelle-l-avenir-se-presente-bien\\\/\",\"name\":\"Deutsche Schule Toulouse - Assembl\u00e9e g\u00e9n\u00e9rale annuelle: l\u2019avenir se pr\u00e9sente bien\",\"isPartOf\":{\"@id\":\"https:\\\/\\\/dstoulouse.com\\\/#website\"},\"primaryImageOfPage\":{\"@id\":\"https:\\\/\\\/dstoulouse.com\\\/fr\\\/assemblee-generale-annuelle-l-avenir-se-presente-bien\\\/#primaryimage\"},\"image\":{\"@id\":\"https:\\\/\\\/dstoulouse.com\\\/fr\\\/assemblee-generale-annuelle-l-avenir-se-presente-bien\\\/#primaryimage\"},\"thumbnailUrl\":\"https:\\\/\\\/dstoulouse.com\\\/wp-content\\\/uploads\\\/2020_dst_vorstand-und-verwaltung.jpg\",\"datePublished\":\"2020-10-23T09:31:46+00:00\",\"dateModified\":\"2020-11-10T14:14:14+00:00\",\"description\":\"Jahreshauptversammlung 15.10.2020: Solide Sch\u00fclerzahlen, ausgeglichener Haushalt und die Deutsche Schule Toulouse ein sicherer Arbeitgeber in der Region\",\"breadcrumb\":{\"@id\":\"https:\\\/\\\/dstoulouse.com\\\/fr\\\/assemblee-generale-annuelle-l-avenir-se-presente-bien\\\/#breadcrumb\"},\"inLanguage\":\"fr-FR\",\"potentialAction\":[{\"@type\":\"ReadAction\",\"target\":[\"https:\\\/\\\/dstoulouse.com\\\/fr\\\/assemblee-generale-annuelle-l-avenir-se-presente-bien\\\/\"]}]},{\"@type\":\"ImageObject\",\"inLanguage\":\"fr-FR\",\"@id\":\"https:\\\/\\\/dstoulouse.com\\\/fr\\\/assemblee-generale-annuelle-l-avenir-se-presente-bien\\\/#primaryimage\",\"url\":\"https:\\\/\\\/dstoulouse.com\\\/wp-content\\\/uploads\\\/2020_dst_vorstand-und-verwaltung.jpg\",\"contentUrl\":\"https:\\\/\\\/dstoulouse.com\\\/wp-content\\\/uploads\\\/2020_dst_vorstand-und-verwaltung.jpg\",\"width\":750,\"height\":330,\"caption\":\"Deutsche Schule Toulouse: Vorstand und Verwaltung auf der Jahreshauptversammlung 2020\"},{\"@type\":\"BreadcrumbList\",\"@id\":\"https:\\\/\\\/dstoulouse.com\\\/fr\\\/assemblee-generale-annuelle-l-avenir-se-presente-bien\\\/#breadcrumb\",\"itemListElement\":[{\"@type\":\"ListItem\",\"position\":1,\"name\":\"Startseite\",\"item\":\"https:\\\/\\\/dstoulouse.com\\\/fr\\\/\"},{\"@type\":\"ListItem\",\"position\":2,\"name\":\"Assembl\u00e9e g\u00e9n\u00e9rale annuelle: l\u2019avenir se pr\u00e9sente bien\"}]},{\"@type\":\"WebSite\",\"@id\":\"https:\\\/\\\/dstoulouse.com\\\/#website\",\"url\":\"https:\\\/\\\/dstoulouse.com\\\/\",\"name\":\"Deutsche Schule Toulouse: Exzellente Deutsche Auslandsschule mit Kindergarten, Grundschule und weiterf&uuml;hrender Schule\",\"description\":\"Wir bilden das Europa von morgen\",\"publisher\":{\"@id\":\"https:\\\/\\\/dstoulouse.com\\\/#organization\"},\"potentialAction\":[{\"@type\":\"SearchAction\",\"target\":{\"@type\":\"EntryPoint\",\"urlTemplate\":\"https:\\\/\\\/dstoulouse.com\\\/?s={search_term_string}\"},\"query-input\":{\"@type\":\"PropertyValueSpecification\",\"valueRequired\":true,\"valueName\":\"search_term_string\"}}],\"inLanguage\":\"fr-FR\"},{\"@type\":\"Organization\",\"@id\":\"https:\\\/\\\/dstoulouse.com\\\/#organization\",\"name\":\"Deutsche Schule Toulouse\",\"url\":\"https:\\\/\\\/dstoulouse.com\\\/\",\"logo\":{\"@type\":\"ImageObject\",\"inLanguage\":\"fr-FR\",\"@id\":\"https:\\\/\\\/dstoulouse.com\\\/#\\\/schema\\\/logo\\\/image\\\/\",\"url\":\"https:\\\/\\\/dstoulouse.com\\\/wp-content\\\/uploads\\\/dst-logo.jpg\",\"contentUrl\":\"https:\\\/\\\/dstoulouse.com\\\/wp-content\\\/uploads\\\/dst-logo.jpg\",\"width\":149,\"height\":107,\"caption\":\"Deutsche Schule Toulouse\"},\"image\":{\"@id\":\"https:\\\/\\\/dstoulouse.com\\\/#\\\/schema\\\/logo\\\/image\\\/\"}},{\"@type\":\"Person\",\"@id\":\"https:\\\/\\\/dstoulouse.com\\\/#\\\/schema\\\/person\\\/eb9a2823876fff64c3f5606771fa4b86\",\"name\":\"Birgit BIERE\",\"sameAs\":[\"https:\\\/\\\/birgit-biere.de\"]}]}<\/script>\n<!-- \/ Yoast SEO plugin. -->","yoast_head_json":{"title":"Deutsche Schule Toulouse - Assembl\u00e9e g\u00e9n\u00e9rale annuelle: l\u2019avenir se pr\u00e9sente bien","description":"Jahreshauptversammlung 15.10.2020: Solide Sch\u00fclerzahlen, ausgeglichener Haushalt und die Deutsche Schule Toulouse ein sicherer Arbeitgeber in der Region","robots":{"index":"index","follow":"follow","max-snippet":"max-snippet:-1","max-image-preview":"max-image-preview:large","max-video-preview":"max-video-preview:-1"},"canonical":"https:\/\/dstoulouse.com\/fr\/assemblee-generale-annuelle-l-avenir-se-presente-bien\/","og_locale":"fr_FR","og_type":"article","og_title":"Deutsche Schule Toulouse - Assembl\u00e9e g\u00e9n\u00e9rale annuelle: l\u2019avenir se pr\u00e9sente bien","og_description":"Jahreshauptversammlung 15.10.2020: Solide Sch\u00fclerzahlen, ausgeglichener Haushalt und die Deutsche Schule Toulouse ein sicherer Arbeitgeber in der Region","og_url":"https:\/\/dstoulouse.com\/fr\/assemblee-generale-annuelle-l-avenir-se-presente-bien\/","og_site_name":"Deutsche Schule Toulouse: Exzellente Deutsche Auslandsschule mit Kindergarten, Grundschule und weiterf&uuml;hrender Schule","article_published_time":"2020-10-23T09:31:46+00:00","article_modified_time":"2020-11-10T14:14:14+00:00","og_image":[{"width":750,"height":330,"url":"https:\/\/dstoulouse.com\/wp-content\/uploads\/2020_dst_vorstand-und-verwaltung.jpg","type":"image\/jpeg"}],"author":"Birgit BIERE","twitter_card":"summary_large_image","twitter_misc":{"\u00c9crit par":"Birgit BIERE","Dur\u00e9e de lecture estim\u00e9e":"5 minutes"},"schema":{"@context":"https:\/\/schema.org","@graph":[{"@type":"Article","@id":"https:\/\/dstoulouse.com\/fr\/assemblee-generale-annuelle-l-avenir-se-presente-bien\/#article","isPartOf":{"@id":"https:\/\/dstoulouse.com\/fr\/assemblee-generale-annuelle-l-avenir-se-presente-bien\/"},"author":{"name":"Birgit BIERE","@id":"https:\/\/dstoulouse.com\/#\/schema\/person\/eb9a2823876fff64c3f5606771fa4b86"},"headline":"Assembl\u00e9e g\u00e9n\u00e9rale annuelle: l\u2019avenir se pr\u00e9sente bien","datePublished":"2020-10-23T09:31:46+00:00","dateModified":"2020-11-10T14:14:14+00:00","mainEntityOfPage":{"@id":"https:\/\/dstoulouse.com\/fr\/assemblee-generale-annuelle-l-avenir-se-presente-bien\/"},"wordCount":918,"publisher":{"@id":"https:\/\/dstoulouse.com\/#organization"},"image":{"@id":"https:\/\/dstoulouse.com\/fr\/assemblee-generale-annuelle-l-avenir-se-presente-bien\/#primaryimage"},"thumbnailUrl":"https:\/\/dstoulouse.com\/wp-content\/uploads\/2020_dst_vorstand-und-verwaltung.jpg","articleSection":["Ann\u00e9e scolaire 2020\/21","DST"],"inLanguage":"fr-FR"},{"@type":"WebPage","@id":"https:\/\/dstoulouse.com\/fr\/assemblee-generale-annuelle-l-avenir-se-presente-bien\/","url":"https:\/\/dstoulouse.com\/fr\/assemblee-generale-annuelle-l-avenir-se-presente-bien\/","name":"Deutsche Schule Toulouse - Assembl\u00e9e g\u00e9n\u00e9rale annuelle: l\u2019avenir se pr\u00e9sente bien","isPartOf":{"@id":"https:\/\/dstoulouse.com\/#website"},"primaryImageOfPage":{"@id":"https:\/\/dstoulouse.com\/fr\/assemblee-generale-annuelle-l-avenir-se-presente-bien\/#primaryimage"},"image":{"@id":"https:\/\/dstoulouse.com\/fr\/assemblee-generale-annuelle-l-avenir-se-presente-bien\/#primaryimage"},"thumbnailUrl":"https:\/\/dstoulouse.com\/wp-content\/uploads\/2020_dst_vorstand-und-verwaltung.jpg","datePublished":"2020-10-23T09:31:46+00:00","dateModified":"2020-11-10T14:14:14+00:00","description":"Jahreshauptversammlung 15.10.2020: Solide Sch\u00fclerzahlen, ausgeglichener Haushalt und die Deutsche Schule Toulouse ein sicherer Arbeitgeber in der Region","breadcrumb":{"@id":"https:\/\/dstoulouse.com\/fr\/assemblee-generale-annuelle-l-avenir-se-presente-bien\/#breadcrumb"},"inLanguage":"fr-FR","potentialAction":[{"@type":"ReadAction","target":["https:\/\/dstoulouse.com\/fr\/assemblee-generale-annuelle-l-avenir-se-presente-bien\/"]}]},{"@type":"ImageObject","inLanguage":"fr-FR","@id":"https:\/\/dstoulouse.com\/fr\/assemblee-generale-annuelle-l-avenir-se-presente-bien\/#primaryimage","url":"https:\/\/dstoulouse.com\/wp-content\/uploads\/2020_dst_vorstand-und-verwaltung.jpg","contentUrl":"https:\/\/dstoulouse.com\/wp-content\/uploads\/2020_dst_vorstand-und-verwaltung.jpg","width":750,"height":330,"caption":"Deutsche Schule Toulouse: Vorstand und Verwaltung auf der Jahreshauptversammlung 2020"},{"@type":"BreadcrumbList","@id":"https:\/\/dstoulouse.com\/fr\/assemblee-generale-annuelle-l-avenir-se-presente-bien\/#breadcrumb","itemListElement":[{"@type":"ListItem","position":1,"name":"Startseite","item":"https:\/\/dstoulouse.com\/fr\/"},{"@type":"ListItem","position":2,"name":"Assembl\u00e9e g\u00e9n\u00e9rale annuelle: l\u2019avenir se pr\u00e9sente bien"}]},{"@type":"WebSite","@id":"https:\/\/dstoulouse.com\/#website","url":"https:\/\/dstoulouse.com\/","name":"Deutsche Schule Toulouse: Exzellente Deutsche Auslandsschule mit Kindergarten, Grundschule und weiterf&uuml;hrender Schule","description":"Wir bilden das Europa von morgen","publisher":{"@id":"https:\/\/dstoulouse.com\/#organization"},"potentialAction":[{"@type":"SearchAction","target":{"@type":"EntryPoint","urlTemplate":"https:\/\/dstoulouse.com\/?s={search_term_string}"},"query-input":{"@type":"PropertyValueSpecification","valueRequired":true,"valueName":"search_term_string"}}],"inLanguage":"fr-FR"},{"@type":"Organization","@id":"https:\/\/dstoulouse.com\/#organization","name":"Deutsche Schule Toulouse","url":"https:\/\/dstoulouse.com\/","logo":{"@type":"ImageObject","inLanguage":"fr-FR","@id":"https:\/\/dstoulouse.com\/#\/schema\/logo\/image\/","url":"https:\/\/dstoulouse.com\/wp-content\/uploads\/dst-logo.jpg","contentUrl":"https:\/\/dstoulouse.com\/wp-content\/uploads\/dst-logo.jpg","width":149,"height":107,"caption":"Deutsche Schule Toulouse"},"image":{"@id":"https:\/\/dstoulouse.com\/#\/schema\/logo\/image\/"}},{"@type":"Person","@id":"https:\/\/dstoulouse.com\/#\/schema\/person\/eb9a2823876fff64c3f5606771fa4b86","name":"Birgit BIERE","sameAs":["https:\/\/birgit-biere.de"]}]}},"_links":{"self":[{"href":"https:\/\/dstoulouse.com\/fr\/wp-json\/wp\/v2\/posts\/5929","targetHints":{"allow":["GET"]}}],"collection":[{"href":"https:\/\/dstoulouse.com\/fr\/wp-json\/wp\/v2\/posts"}],"about":[{"href":"https:\/\/dstoulouse.com\/fr\/wp-json\/wp\/v2\/types\/post"}],"author":[{"embeddable":true,"href":"https:\/\/dstoulouse.com\/fr\/wp-json\/wp\/v2\/users\/3"}],"replies":[{"embeddable":true,"href":"https:\/\/dstoulouse.com\/fr\/wp-json\/wp\/v2\/comments?post=5929"}],"version-history":[{"count":0,"href":"https:\/\/dstoulouse.com\/fr\/wp-json\/wp\/v2\/posts\/5929\/revisions"}],"wp:featuredmedia":[{"embeddable":true,"href":"https:\/\/dstoulouse.com\/fr\/wp-json\/wp\/v2\/media\/5809"}],"wp:attachment":[{"href":"https:\/\/dstoulouse.com\/fr\/wp-json\/wp\/v2\/media?parent=5929"}],"wp:term":[{"taxonomy":"category","embeddable":true,"href":"https:\/\/dstoulouse.com\/fr\/wp-json\/wp\/v2\/categories?post=5929"},{"taxonomy":"post_tag","embeddable":true,"href":"https:\/\/dstoulouse.com\/fr\/wp-json\/wp\/v2\/tags?post=5929"}],"curies":[{"name":"wp","href":"https:\/\/api.w.org\/{rel}","templated":true}]}}